{"id":966,"date":"2016-11-16T10:17:55","date_gmt":"2016-11-16T09:17:55","guid":{"rendered":"http:\/\/abeille-tarnetgaronnaise.fr\/Atg-V1\/?p=966"},"modified":"2016-11-16T10:17:55","modified_gmt":"2016-11-16T09:17:55","slug":"nouvelle-reglementation-prefecture-tarn-et-garonne","status":"publish","type":"post","link":"https:\/\/abeille-tarnetgaronnaise.fr\/Atg82_new\/nouvelle-reglementation-prefecture-tarn-et-garonne\/","title":{"rendered":"Nouvelle r\u00e9glementation Pr\u00e9fecture Tarn et Garonne"},"content":{"rendered":"<p>Un nouvel arr\u00eat\u00e9 pr\u00e9fectoral datant du 3 octobre 2016 a \u00e9t\u00e9 publi\u00e9 concernant les nouvelles r\u00e8gles de distance pour l&rsquo;implantation des ruches.<\/p>\n<p><strong>Voici le fichier \u00e0 t\u00e9l\u00e9charger :<\/strong><\/p>\n<p><a class=\"linkDownload\" href=\"http:\/\/abeille-tarnetgaronnaise.fr\/Atg-V1\/wp-content\/uploads\/2016\/11\/nouvelle-r\u00e9glementation-emplacement-ruches.pdf\" target=\"_blank\">R\u00e9glementation pour l&#8217;emplacement des ruches dans le Tarn et Garonne<\/a><\/p>\n<p><a href=\"http:\/\/abeille-tarnetgaronnaise.fr\/Atg-V1\/wp-content\/uploads\/2016\/11\/vign_prefet82.jpg\"><img fetchpriority=\"high\" decoding=\"async\" class=\"aligncenter wp-image-959 size-full\" src=\"http:\/\/abeille-tarnetgaronnaise.fr\/Atg-V1\/wp-content\/uploads\/2016\/11\/vign_prefet82.jpg\" alt=\"vign_prefet82\" width=\"800\" height=\"600\" \/><\/a><\/p>\n","protected":false},"excerpt":{"rendered":"<p>Un nouvel arr\u00eat\u00e9 pr\u00e9fectoral datant du 3 octobre 2016 a \u00e9t\u00e9 publi\u00e9 concernant les nouvelles r\u00e8gles de distance pour l&rsquo;implantation des ruches. Voici le fichier \u00e0 t\u00e9l\u00e9charger : R\u00e9glementation pour [&hellip;]<\/p>\n","protected":false},"author":2,"featured_media":959,"comment_status":"closed","ping_status":"closed","sticky":false,"template":"","format":"standard","meta":{"footnotes":""},"categories":[1],"tags":[],"class_list":["post-966","post","type-post","status-publish","format-standard","has-post-thumbnail","hentry","category-non-classe"],"yoast_head":"<!-- This site is optimized with the Yoast SEO plugin v27.4 - https:\/\/yoast.com\/product\/yoast-seo-wordpress\/ -->\n<title>Nouvelle r\u00e9glementation Pr\u00e9fecture Tarn et Garonne - L&#039;abeille tarn et garonnaise<\/title>\n<meta name=\"robots\" content=\"index, follow, max-snippet:-1, max-image-preview:large, max-video-preview:-1\" \/>\n<link rel=\"canonical\" href=\"https:\/\/abeille-tarnetgaronnaise.fr\/Atg82_new\/nouvelle-reglementation-prefecture-tarn-et-garonne\/\" \/>\n<meta property=\"og:locale\" content=\"fr_FR\" \/>\n<meta property=\"og:type\" content=\"article\" \/>\n<meta property=\"og:title\" content=\"Nouvelle r\u00e9glementation Pr\u00e9fecture Tarn et Garonne - L&#039;abeille tarn et garonnaise\" \/>\n<meta property=\"og:description\" content=\"Un nouvel arr\u00eat\u00e9 pr\u00e9fectoral datant du 3 octobre 2016 a \u00e9t\u00e9 publi\u00e9 concernant les nouvelles r\u00e8gles de distance pour l&rsquo;implantation des ruches. Voici le fichier \u00e0 t\u00e9l\u00e9charger : R\u00e9glementation pour [&hellip;]\" \/>\n<meta property=\"og:url\" content=\"https:\/\/abeille-tarnetgaronnaise.fr\/Atg82_new\/nouvelle-reglementation-prefecture-tarn-et-garonne\/\" \/>\n<meta property=\"og:site_name\" content=\"L&#039;abeille tarn et garonnaise\" \/>\n<meta property=\"article:published_time\" content=\"2016-11-16T09:17:55+00:00\" \/>\n<meta name=\"author\" content=\"Atg2015\" \/>\n<meta name=\"twitter:card\" content=\"summary_large_image\" \/>\n<meta name=\"twitter:label1\" content=\"\u00c9crit par\" \/>\n\t<meta name=\"twitter:data1\" content=\"Atg2015\" \/>\n<script type=\"application\/ld+json\" class=\"yoast-schema-graph\">{\"@context\":\"https:\\\/\\\/schema.org\",\"@graph\":[{\"@type\":\"Article\",\"@id\":\"https:\\\/\\\/abeille-tarnetgaronnaise.fr\\\/Atg82_new\\\/nouvelle-reglementation-prefecture-tarn-et-garonne\\\/#article\",\"isPartOf\":{\"@id\":\"https:\\\/\\\/abeille-tarnetgaronnaise.fr\\\/Atg82_new\\\/nouvelle-reglementation-prefecture-tarn-et-garonne\\\/\"},\"author\":{\"name\":\"Atg2015\",\"@id\":\"https:\\\/\\\/abeille-tarnetgaronnaise.fr\\\/Atg82_new\\\/#\\\/schema\\\/person\\\/d6b0c1435c55620ff733d1fbd035c769\"},\"headline\":\"Nouvelle r\u00e9glementation Pr\u00e9fecture Tarn et Garonne\",\"datePublished\":\"2016-11-16T09:17:55+00:00\",\"mainEntityOfPage\":{\"@id\":\"https:\\\/\\\/abeille-tarnetgaronnaise.fr\\\/Atg82_new\\\/nouvelle-reglementation-prefecture-tarn-et-garonne\\\/\"},\"wordCount\":50,\"publisher\":{\"@id\":\"https:\\\/\\\/abeille-tarnetgaronnaise.fr\\\/Atg82_new\\\/#organization\"},\"image\":{\"@id\":\"https:\\\/\\\/abeille-tarnetgaronnaise.fr\\\/Atg82_new\\\/nouvelle-reglementation-prefecture-tarn-et-garonne\\\/#primaryimage\"},\"thumbnailUrl\":\"\",\"inLanguage\":\"fr-FR\"},{\"@type\":\"WebPage\",\"@id\":\"https:\\\/\\\/abeille-tarnetgaronnaise.fr\\\/Atg82_new\\\/nouvelle-reglementation-prefecture-tarn-et-garonne\\\/\",\"url\":\"https:\\\/\\\/abeille-tarnetgaronnaise.fr\\\/Atg82_new\\\/nouvelle-reglementation-prefecture-tarn-et-garonne\\\/\",\"name\":\"Nouvelle r\u00e9glementation Pr\u00e9fecture Tarn et Garonne - L&#039;abeille tarn et garonnaise\",\"isPartOf\":{\"@id\":\"https:\\\/\\\/abeille-tarnetgaronnaise.fr\\\/Atg82_new\\\/#website\"},\"primaryImageOfPage\":{\"@id\":\"https:\\\/\\\/abeille-tarnetgaronnaise.fr\\\/Atg82_new\\\/nouvelle-reglementation-prefecture-tarn-et-garonne\\\/#primaryimage\"},\"image\":{\"@id\":\"https:\\\/\\\/abeille-tarnetgaronnaise.fr\\\/Atg82_new\\\/nouvelle-reglementation-prefecture-tarn-et-garonne\\\/#primaryimage\"},\"thumbnailUrl\":\"\",\"datePublished\":\"2016-11-16T09:17:55+00:00\",\"breadcrumb\":{\"@id\":\"https:\\\/\\\/abeille-tarnetgaronnaise.fr\\\/Atg82_new\\\/nouvelle-reglementation-prefecture-tarn-et-garonne\\\/#breadcrumb\"},\"inLanguage\":\"fr-FR\",\"potentialAction\":[{\"@type\":\"ReadAction\",\"target\":[\"https:\\\/\\\/abeille-tarnetgaronnaise.fr\\\/Atg82_new\\\/nouvelle-reglementation-prefecture-tarn-et-garonne\\\/\"]}]},{\"@type\":\"ImageObject\",\"inLanguage\":\"fr-FR\",\"@id\":\"https:\\\/\\\/abeille-tarnetgaronnaise.fr\\\/Atg82_new\\\/nouvelle-reglementation-prefecture-tarn-et-garonne\\\/#primaryimage\",\"url\":\"\",\"contentUrl\":\"\"},{\"@type\":\"BreadcrumbList\",\"@id\":\"https:\\\/\\\/abeille-tarnetgaronnaise.fr\\\/Atg82_new\\\/nouvelle-reglementation-prefecture-tarn-et-garonne\\\/#breadcrumb\",\"itemListElement\":[{\"@type\":\"ListItem\",\"position\":1,\"name\":\"Accueil\",\"item\":\"https:\\\/\\\/abeille-tarnetgaronnaise.fr\\\/Atg82_new\\\/\"},{\"@type\":\"ListItem\",\"position\":2,\"name\":\"Nouvelle r\u00e9glementation Pr\u00e9fecture Tarn et Garonne\"}]},{\"@type\":\"WebSite\",\"@id\":\"https:\\\/\\\/abeille-tarnetgaronnaise.fr\\\/Atg82_new\\\/#website\",\"url\":\"https:\\\/\\\/abeille-tarnetgaronnaise.fr\\\/Atg82_new\\\/\",\"name\":\"L'Abeille Tarn et Garonnaise\",\"description\":\"Ensemble, prot\u00e9geons les abeilles !\",\"publisher\":{\"@id\":\"https:\\\/\\\/abeille-tarnetgaronnaise.fr\\\/Atg82_new\\\/#organization\"},\"potentialAction\":[{\"@type\":\"SearchAction\",\"target\":{\"@type\":\"EntryPoint\",\"urlTemplate\":\"https:\\\/\\\/abeille-tarnetgaronnaise.fr\\\/Atg82_new\\\/?s={search_term_string}\"},\"query-input\":{\"@type\":\"PropertyValueSpecification\",\"valueRequired\":true,\"valueName\":\"search_term_string\"}}],\"inLanguage\":\"fr-FR\"},{\"@type\":\"Organization\",\"@id\":\"https:\\\/\\\/abeille-tarnetgaronnaise.fr\\\/Atg82_new\\\/#organization\",\"name\":\"L'abeille tarn et garonnaise\",\"url\":\"https:\\\/\\\/abeille-tarnetgaronnaise.fr\\\/Atg82_new\\\/\",\"logo\":{\"@type\":\"ImageObject\",\"inLanguage\":\"fr-FR\",\"@id\":\"https:\\\/\\\/abeille-tarnetgaronnaise.fr\\\/Atg82_new\\\/#\\\/schema\\\/logo\\\/image\\\/\",\"url\":\"https:\\\/\\\/abeille-tarnetgaronnaise.fr\\\/Atg82_new\\\/wp-content\\\/uploads\\\/2025\\\/02\\\/logo_ATG.jpg\",\"contentUrl\":\"https:\\\/\\\/abeille-tarnetgaronnaise.fr\\\/Atg82_new\\\/wp-content\\\/uploads\\\/2025\\\/02\\\/logo_ATG.jpg\",\"width\":200,\"height\":100,\"caption\":\"L'abeille tarn et garonnaise\"},\"image\":{\"@id\":\"https:\\\/\\\/abeille-tarnetgaronnaise.fr\\\/Atg82_new\\\/#\\\/schema\\\/logo\\\/image\\\/\"}},{\"@type\":\"Person\",\"@id\":\"https:\\\/\\\/abeille-tarnetgaronnaise.fr\\\/Atg82_new\\\/#\\\/schema\\\/person\\\/d6b0c1435c55620ff733d1fbd035c769\",\"name\":\"Atg2015\",\"url\":\"https:\\\/\\\/abeille-tarnetgaronnaise.fr\\\/Atg82_new\\\/author\\\/atg2015\\\/\"}]}<\/script>\n<!-- \/ Yoast SEO plugin. -->","yoast_head_json":{"title":"Nouvelle r\u00e9glementation Pr\u00e9fecture Tarn et Garonne - L&#039;abeille tarn et garonnaise","robots":{"index":"index","follow":"follow","max-snippet":"max-snippet:-1","max-image-preview":"max-image-preview:large","max-video-preview":"max-video-preview:-1"},"canonical":"https:\/\/abeille-tarnetgaronnaise.fr\/Atg82_new\/nouvelle-reglementation-prefecture-tarn-et-garonne\/","og_locale":"fr_FR","og_type":"article","og_title":"Nouvelle r\u00e9glementation Pr\u00e9fecture Tarn et Garonne - L&#039;abeille tarn et garonnaise","og_description":"Un nouvel arr\u00eat\u00e9 pr\u00e9fectoral datant du 3 octobre 2016 a \u00e9t\u00e9 publi\u00e9 concernant les nouvelles r\u00e8gles de distance pour l&rsquo;implantation des ruches. Voici le fichier \u00e0 t\u00e9l\u00e9charger : R\u00e9glementation pour [&hellip;]","og_url":"https:\/\/abeille-tarnetgaronnaise.fr\/Atg82_new\/nouvelle-reglementation-prefecture-tarn-et-garonne\/","og_site_name":"L&#039;abeille tarn et garonnaise","article_published_time":"2016-11-16T09:17:55+00:00","author":"Atg2015","twitter_card":"summary_large_image","twitter_misc":{"\u00c9crit par":"Atg2015"},"schema":{"@context":"https:\/\/schema.org","@graph":[{"@type":"Article","@id":"https:\/\/abeille-tarnetgaronnaise.fr\/Atg82_new\/nouvelle-reglementation-prefecture-tarn-et-garonne\/#article","isPartOf":{"@id":"https:\/\/abeille-tarnetgaronnaise.fr\/Atg82_new\/nouvelle-reglementation-prefecture-tarn-et-garonne\/"},"author":{"name":"Atg2015","@id":"https:\/\/abeille-tarnetgaronnaise.fr\/Atg82_new\/#\/schema\/person\/d6b0c1435c55620ff733d1fbd035c769"},"headline":"Nouvelle r\u00e9glementation Pr\u00e9fecture Tarn et Garonne","datePublished":"2016-11-16T09:17:55+00:00","mainEntityOfPage":{"@id":"https:\/\/abeille-tarnetgaronnaise.fr\/Atg82_new\/nouvelle-reglementation-prefecture-tarn-et-garonne\/"},"wordCount":50,"publisher":{"@id":"https:\/\/abeille-tarnetgaronnaise.fr\/Atg82_new\/#organization"},"image":{"@id":"https:\/\/abeille-tarnetgaronnaise.fr\/Atg82_new\/nouvelle-reglementation-prefecture-tarn-et-garonne\/#primaryimage"},"thumbnailUrl":"","inLanguage":"fr-FR"},{"@type":"WebPage","@id":"https:\/\/abeille-tarnetgaronnaise.fr\/Atg82_new\/nouvelle-reglementation-prefecture-tarn-et-garonne\/","url":"https:\/\/abeille-tarnetgaronnaise.fr\/Atg82_new\/nouvelle-reglementation-prefecture-tarn-et-garonne\/","name":"Nouvelle r\u00e9glementation Pr\u00e9fecture Tarn et Garonne - L&#039;abeille tarn et garonnaise","isPartOf":{"@id":"https:\/\/abeille-tarnetgaronnaise.fr\/Atg82_new\/#website"},"primaryImageOfPage":{"@id":"https:\/\/abeille-tarnetgaronnaise.fr\/Atg82_new\/nouvelle-reglementation-prefecture-tarn-et-garonne\/#primaryimage"},"image":{"@id":"https:\/\/abeille-tarnetgaronnaise.fr\/Atg82_new\/nouvelle-reglementation-prefecture-tarn-et-garonne\/#primaryimage"},"thumbnailUrl":"","datePublished":"2016-11-16T09:17:55+00:00","breadcrumb":{"@id":"https:\/\/abeille-tarnetgaronnaise.fr\/Atg82_new\/nouvelle-reglementation-prefecture-tarn-et-garonne\/#breadcrumb"},"inLanguage":"fr-FR","potentialAction":[{"@type":"ReadAction","target":["https:\/\/abeille-tarnetgaronnaise.fr\/Atg82_new\/nouvelle-reglementation-prefecture-tarn-et-garonne\/"]}]},{"@type":"ImageObject","inLanguage":"fr-FR","@id":"https:\/\/abeille-tarnetgaronnaise.fr\/Atg82_new\/nouvelle-reglementation-prefecture-tarn-et-garonne\/#primaryimage","url":"","contentUrl":""},{"@type":"BreadcrumbList","@id":"https:\/\/abeille-tarnetgaronnaise.fr\/Atg82_new\/nouvelle-reglementation-prefecture-tarn-et-garonne\/#breadcrumb","itemListElement":[{"@type":"ListItem","position":1,"name":"Accueil","item":"https:\/\/abeille-tarnetgaronnaise.fr\/Atg82_new\/"},{"@type":"ListItem","position":2,"name":"Nouvelle r\u00e9glementation Pr\u00e9fecture Tarn et Garonne"}]},{"@type":"WebSite","@id":"https:\/\/abeille-tarnetgaronnaise.fr\/Atg82_new\/#website","url":"https:\/\/abeille-tarnetgaronnaise.fr\/Atg82_new\/","name":"L'Abeille Tarn et Garonnaise","description":"Ensemble, prot\u00e9geons les abeilles !","publisher":{"@id":"https:\/\/abeille-tarnetgaronnaise.fr\/Atg82_new\/#organization"},"potentialAction":[{"@type":"SearchAction","target":{"@type":"EntryPoint","urlTemplate":"https:\/\/abeille-tarnetgaronnaise.fr\/Atg82_new\/?s={search_term_string}"},"query-input":{"@type":"PropertyValueSpecification","valueRequired":true,"valueName":"search_term_string"}}],"inLanguage":"fr-FR"},{"@type":"Organization","@id":"https:\/\/abeille-tarnetgaronnaise.fr\/Atg82_new\/#organization","name":"L'abeille tarn et garonnaise","url":"https:\/\/abeille-tarnetgaronnaise.fr\/Atg82_new\/","logo":{"@type":"ImageObject","inLanguage":"fr-FR","@id":"https:\/\/abeille-tarnetgaronnaise.fr\/Atg82_new\/#\/schema\/logo\/image\/","url":"https:\/\/abeille-tarnetgaronnaise.fr\/Atg82_new\/wp-content\/uploads\/2025\/02\/logo_ATG.jpg","contentUrl":"https:\/\/abeille-tarnetgaronnaise.fr\/Atg82_new\/wp-content\/uploads\/2025\/02\/logo_ATG.jpg","width":200,"height":100,"caption":"L'abeille tarn et garonnaise"},"image":{"@id":"https:\/\/abeille-tarnetgaronnaise.fr\/Atg82_new\/#\/schema\/logo\/image\/"}},{"@type":"Person","@id":"https:\/\/abeille-tarnetgaronnaise.fr\/Atg82_new\/#\/schema\/person\/d6b0c1435c55620ff733d1fbd035c769","name":"Atg2015","url":"https:\/\/abeille-tarnetgaronnaise.fr\/Atg82_new\/author\/atg2015\/"}]}},"_links":{"self":[{"href":"https:\/\/abeille-tarnetgaronnaise.fr\/Atg82_new\/wp-json\/wp\/v2\/posts\/966","targetHints":{"allow":["GET"]}}],"collection":[{"href":"https:\/\/abeille-tarnetgaronnaise.fr\/Atg82_new\/wp-json\/wp\/v2\/posts"}],"about":[{"href":"https:\/\/abeille-tarnetgaronnaise.fr\/Atg82_new\/wp-json\/wp\/v2\/types\/post"}],"author":[{"embeddable":true,"href":"https:\/\/abeille-tarnetgaronnaise.fr\/Atg82_new\/wp-json\/wp\/v2\/users\/2"}],"replies":[{"embeddable":true,"href":"https:\/\/abeille-tarnetgaronnaise.fr\/Atg82_new\/wp-json\/wp\/v2\/comments?post=966"}],"version-history":[{"count":0,"href":"https:\/\/abeille-tarnetgaronnaise.fr\/Atg82_new\/wp-json\/wp\/v2\/posts\/966\/revisions"}],"wp:featuredmedia":[{"embeddable":true,"href":"https:\/\/abeille-tarnetgaronnaise.fr\/Atg82_new\/wp-json\/"}],"wp:attachment":[{"href":"https:\/\/abeille-tarnetgaronnaise.fr\/Atg82_new\/wp-json\/wp\/v2\/media?parent=966"}],"wp:term":[{"taxonomy":"category","embeddable":true,"href":"https:\/\/abeille-tarnetgaronnaise.fr\/Atg82_new\/wp-json\/wp\/v2\/categories?post=966"},{"taxonomy":"post_tag","embeddable":true,"href":"https:\/\/abeille-tarnetgaronnaise.fr\/Atg82_new\/wp-json\/wp\/v2\/tags?post=966"}],"curies":[{"name":"wp","href":"https:\/\/api.w.org\/{rel}","templated":true}]}}