{"id":777,"date":"2016-03-25T13:53:58","date_gmt":"2016-03-25T12:53:58","guid":{"rendered":"http:\/\/abeille-tarnetgaronnaise.fr\/Atg-V1\/?p=777"},"modified":"2016-03-25T13:53:58","modified_gmt":"2016-03-25T12:53:58","slug":"un-si-petit-cerveau-un-concentre-dintelligence","status":"publish","type":"post","link":"https:\/\/abeille-tarnetgaronnaise.fr\/Atg82_new\/un-si-petit-cerveau-un-concentre-dintelligence\/","title":{"rendered":"Un si petit cerveau, Un concentr\u00e9 d\u2019intelligence"},"content":{"rendered":"<h3>Aurore Avargu\u00e8s-Weber, jeune chercheuse au CNRS-Universit\u00e9 Toulouse III, a re\u00e7u deux prix L\u2019Or\u00e9al-Unesco\u00a0 pour ses travaux sur l\u2019abeille.<\/h3>\n<p>C<a href=\"http:\/\/abeille-tarnetgaronnaise.fr\/Atg-V1\/wp-content\/uploads\/2016\/03\/apismelliferacarnica.jpg\" rel=\"attachment wp-att-779\"><img fetchpriority=\"high\" decoding=\"async\" class=\"size-medium wp-image-779 alignright\" src=\"http:\/\/abeille-tarnetgaronnaise.fr\/Atg-V1\/wp-content\/uploads\/2016\/03\/apismelliferacarnica-300x213.jpg\" alt=\"apismelliferacarnica\" width=\"300\" height=\"213\" srcset=\"https:\/\/abeille-tarnetgaronnaise.fr\/Atg82_new\/wp-content\/uploads\/2016\/03\/apismelliferacarnica-300x213.jpg 300w, https:\/\/abeille-tarnetgaronnaise.fr\/Atg82_new\/wp-content\/uploads\/2016\/03\/apismelliferacarnica.jpg 355w\" sizes=\"(max-width: 300px) 100vw, 300px\" \/><\/a>\u2019est par un chanceux hasard au cours d\u2019un stage \u00e0 Toulouse qu\u2019elle s\u2019est orient\u00e9e sur la cognition animale et d\u00e9couvre le monde des abeilles. <br \/> De ce jour une passion est n\u00e9e pour ce petit insecte. Ses travaux ont d\u00e9montr\u00e9\u00a0 la grande capacit\u00e9 du cerveau de l\u2019abeille malgr\u00e9 sa petite taille de 1mm<sup>3<\/sup>. Les abeilles sont dou\u00e9es de r\u00e9flexion, d\u2019une grande capacit\u00e9 d\u2019abstraction, elles savent aussi compter et reconna\u00eetre un visage. Elles sont dot\u00e9es d\u2019une bonne vision et d\u2019une grande m\u00e9moire.<\/p>\n<p>Plac\u00e9es devant un labyrinthe, elles sont capables apr\u00e8s un rapide apprentissage d\u2019 identifier les signes et choisir la sortie menant \u00e0 une r\u00e9compense de sucre.<\/p>\n<p>Ces tests ont permis de montrer que les abeilles ont appris \u00e0 reconna\u00eetre l\u2019image qui d\u00e9livre la r\u00e9compense et qu&rsquo;elles sont capables de percevoir et d&rsquo;utiliser aussi bien les formes globales que les d\u00e9tails. De ce fait elles ont la facult\u00e9 d\u2019 \u00eatre confront\u00e9es \u00e0 un choix probl\u00e9matique (information correcte et information incorrecte). Elles choisissent l\u2019information correcte, la font\u00a0 \u00e9voluer suivant l\u2019exp\u00e9rience individuelle et s\u2019adaptent \u00e0 chaque situation de leur environnement.<\/p>\n<p>Ces recherches montrent que m\u00eame avec un si petit cerveau, l\u2019abeille fait preuve une grande souplesse de comportements et d\u2019aptitudes\u00a0 \u00e0 l\u2019abstraction proche de celle des primates m\u00eame sans cortex pr\u00e9frontal. Cela pose la question de la relation entre la taille du cerveau et l\u2019intelligence et ouvre d\u2019int\u00e9ressantes perspectives pour la compr\u00e9hension des m\u00e9canismes c\u00e9r\u00e9braux de ces formes d\u2019intelligence.\u00a0 Voil\u00e0 des pistes pour la compr\u00e9hension de notre propre cerveau ainsi que pour le d\u00e9veloppement de l\u2019intelligence artificielle.<\/p>\n<p>&nbsp;<\/p>\n<p><span style=\"font-size: 12px; color: #808080;\"><strong><em>pour plus d&rsquo;information :<\/em><\/strong><a style=\"color: #808080;\" href=\"http:\/\/www2.cnrs.fr\/presse\/communique\/3833.htm?theme1=7\" target=\"_blank\"> http:\/\/www2.cnrs.fr\/presse\/communique\/3833.htm?theme1=7<\/a><\/span><\/p>\n","protected":false},"excerpt":{"rendered":"<p>Aurore Avargu\u00e8s-Weber, jeune chercheuse au CNRS-Universit\u00e9 Toulouse III, a re\u00e7u deux prix L\u2019Or\u00e9al-Unesco\u00a0 pour ses travaux sur l\u2019abeille. C\u2019est par un chanceux hasard au cours d\u2019un stage \u00e0 Toulouse qu\u2019elle [&hellip;]<\/p>\n","protected":false},"author":2,"featured_media":779,"comment_status":"closed","ping_status":"closed","sticky":false,"template":"","format":"standard","meta":{"footnotes":""},"categories":[7,8,9,11,10,1,12],"tags":[],"class_list":["post-777","post","type-post","status-publish","format-standard","has-post-thumbnail","hentry","category-dans-le-monde","category-en-france","category-insolite","category-l-association","category-le-rucher-ecole","category-non-classe","category-toutes-les-actualites"],"yoast_head":"<!-- This site is optimized with the Yoast SEO plugin v27.4 - https:\/\/yoast.com\/product\/yoast-seo-wordpress\/ -->\n<title>Un si petit cerveau, Un concentr\u00e9 d\u2019intelligence - L&#039;abeille tarn et garonnaise<\/title>\n<meta name=\"robots\" content=\"index, follow, max-snippet:-1, max-image-preview:large, max-video-preview:-1\" \/>\n<link rel=\"canonical\" href=\"https:\/\/abeille-tarnetgaronnaise.fr\/Atg82_new\/un-si-petit-cerveau-un-concentre-dintelligence\/\" \/>\n<meta property=\"og:locale\" content=\"fr_FR\" \/>\n<meta property=\"og:type\" content=\"article\" \/>\n<meta property=\"og:title\" content=\"Un si petit cerveau, Un concentr\u00e9 d\u2019intelligence - L&#039;abeille tarn et garonnaise\" \/>\n<meta property=\"og:description\" content=\"Aurore Avargu\u00e8s-Weber, jeune chercheuse au CNRS-Universit\u00e9 Toulouse III, a re\u00e7u deux prix L\u2019Or\u00e9al-Unesco\u00a0 pour ses travaux sur l\u2019abeille. C\u2019est par un chanceux hasard au cours d\u2019un stage \u00e0 Toulouse qu\u2019elle [&hellip;]\" \/>\n<meta property=\"og:url\" content=\"https:\/\/abeille-tarnetgaronnaise.fr\/Atg82_new\/un-si-petit-cerveau-un-concentre-dintelligence\/\" \/>\n<meta property=\"og:site_name\" content=\"L&#039;abeille tarn et garonnaise\" \/>\n<meta property=\"article:published_time\" content=\"2016-03-25T12:53:58+00:00\" \/>\n<meta property=\"og:image\" content=\"https:\/\/abeille-tarnetgaronnaise.fr\/Atg82_new\/wp-content\/uploads\/2016\/03\/apismelliferacarnica.jpg\" \/>\n\t<meta property=\"og:image:width\" content=\"355\" \/>\n\t<meta property=\"og:image:height\" content=\"252\" \/>\n\t<meta property=\"og:image:type\" content=\"image\/jpeg\" \/>\n<meta name=\"author\" content=\"Atg2015\" \/>\n<meta name=\"twitter:card\" content=\"summary_large_image\" \/>\n<meta name=\"twitter:label1\" content=\"\u00c9crit par\" \/>\n\t<meta name=\"twitter:data1\" content=\"Atg2015\" \/>\n\t<meta name=\"twitter:label2\" content=\"Dur\u00e9e de lecture estim\u00e9e\" \/>\n\t<meta name=\"twitter:data2\" content=\"2 minutes\" \/>\n<script type=\"application\/ld+json\" class=\"yoast-schema-graph\">{\"@context\":\"https:\\\/\\\/schema.org\",\"@graph\":[{\"@type\":\"Article\",\"@id\":\"https:\\\/\\\/abeille-tarnetgaronnaise.fr\\\/Atg82_new\\\/un-si-petit-cerveau-un-concentre-dintelligence\\\/#article\",\"isPartOf\":{\"@id\":\"https:\\\/\\\/abeille-tarnetgaronnaise.fr\\\/Atg82_new\\\/un-si-petit-cerveau-un-concentre-dintelligence\\\/\"},\"author\":{\"name\":\"Atg2015\",\"@id\":\"https:\\\/\\\/abeille-tarnetgaronnaise.fr\\\/Atg82_new\\\/#\\\/schema\\\/person\\\/d6b0c1435c55620ff733d1fbd035c769\"},\"headline\":\"Un si petit cerveau, Un concentr\u00e9 d\u2019intelligence\",\"datePublished\":\"2016-03-25T12:53:58+00:00\",\"mainEntityOfPage\":{\"@id\":\"https:\\\/\\\/abeille-tarnetgaronnaise.fr\\\/Atg82_new\\\/un-si-petit-cerveau-un-concentre-dintelligence\\\/\"},\"wordCount\":342,\"publisher\":{\"@id\":\"https:\\\/\\\/abeille-tarnetgaronnaise.fr\\\/Atg82_new\\\/#organization\"},\"image\":{\"@id\":\"https:\\\/\\\/abeille-tarnetgaronnaise.fr\\\/Atg82_new\\\/un-si-petit-cerveau-un-concentre-dintelligence\\\/#primaryimage\"},\"thumbnailUrl\":\"https:\\\/\\\/abeille-tarnetgaronnaise.fr\\\/Atg82_new\\\/wp-content\\\/uploads\\\/2016\\\/03\\\/apismelliferacarnica.jpg\",\"articleSection\":{\"0\":\"Dans le monde\",\"1\":\"En France\",\"2\":\"Insolite\",\"3\":\"L'Association\",\"4\":\"Le Rucher \u00e9cole\",\"6\":\"toutes les actualit\u00e9s\"},\"inLanguage\":\"fr-FR\"},{\"@type\":\"WebPage\",\"@id\":\"https:\\\/\\\/abeille-tarnetgaronnaise.fr\\\/Atg82_new\\\/un-si-petit-cerveau-un-concentre-dintelligence\\\/\",\"url\":\"https:\\\/\\\/abeille-tarnetgaronnaise.fr\\\/Atg82_new\\\/un-si-petit-cerveau-un-concentre-dintelligence\\\/\",\"name\":\"Un si petit cerveau, Un concentr\u00e9 d\u2019intelligence - L&#039;abeille tarn et garonnaise\",\"isPartOf\":{\"@id\":\"https:\\\/\\\/abeille-tarnetgaronnaise.fr\\\/Atg82_new\\\/#website\"},\"primaryImageOfPage\":{\"@id\":\"https:\\\/\\\/abeille-tarnetgaronnaise.fr\\\/Atg82_new\\\/un-si-petit-cerveau-un-concentre-dintelligence\\\/#primaryimage\"},\"image\":{\"@id\":\"https:\\\/\\\/abeille-tarnetgaronnaise.fr\\\/Atg82_new\\\/un-si-petit-cerveau-un-concentre-dintelligence\\\/#primaryimage\"},\"thumbnailUrl\":\"https:\\\/\\\/abeille-tarnetgaronnaise.fr\\\/Atg82_new\\\/wp-content\\\/uploads\\\/2016\\\/03\\\/apismelliferacarnica.jpg\",\"datePublished\":\"2016-03-25T12:53:58+00:00\",\"breadcrumb\":{\"@id\":\"https:\\\/\\\/abeille-tarnetgaronnaise.fr\\\/Atg82_new\\\/un-si-petit-cerveau-un-concentre-dintelligence\\\/#breadcrumb\"},\"inLanguage\":\"fr-FR\",\"potentialAction\":[{\"@type\":\"ReadAction\",\"target\":[\"https:\\\/\\\/abeille-tarnetgaronnaise.fr\\\/Atg82_new\\\/un-si-petit-cerveau-un-concentre-dintelligence\\\/\"]}]},{\"@type\":\"ImageObject\",\"inLanguage\":\"fr-FR\",\"@id\":\"https:\\\/\\\/abeille-tarnetgaronnaise.fr\\\/Atg82_new\\\/un-si-petit-cerveau-un-concentre-dintelligence\\\/#primaryimage\",\"url\":\"https:\\\/\\\/abeille-tarnetgaronnaise.fr\\\/Atg82_new\\\/wp-content\\\/uploads\\\/2016\\\/03\\\/apismelliferacarnica.jpg\",\"contentUrl\":\"https:\\\/\\\/abeille-tarnetgaronnaise.fr\\\/Atg82_new\\\/wp-content\\\/uploads\\\/2016\\\/03\\\/apismelliferacarnica.jpg\",\"width\":355,\"height\":252},{\"@type\":\"BreadcrumbList\",\"@id\":\"https:\\\/\\\/abeille-tarnetgaronnaise.fr\\\/Atg82_new\\\/un-si-petit-cerveau-un-concentre-dintelligence\\\/#breadcrumb\",\"itemListElement\":[{\"@type\":\"ListItem\",\"position\":1,\"name\":\"Accueil\",\"item\":\"https:\\\/\\\/abeille-tarnetgaronnaise.fr\\\/Atg82_new\\\/\"},{\"@type\":\"ListItem\",\"position\":2,\"name\":\"Un si petit cerveau, Un concentr\u00e9 d\u2019intelligence\"}]},{\"@type\":\"WebSite\",\"@id\":\"https:\\\/\\\/abeille-tarnetgaronnaise.fr\\\/Atg82_new\\\/#website\",\"url\":\"https:\\\/\\\/abeille-tarnetgaronnaise.fr\\\/Atg82_new\\\/\",\"name\":\"L'Abeille Tarn et Garonnaise\",\"description\":\"Ensemble, prot\u00e9geons les abeilles !\",\"publisher\":{\"@id\":\"https:\\\/\\\/abeille-tarnetgaronnaise.fr\\\/Atg82_new\\\/#organization\"},\"potentialAction\":[{\"@type\":\"SearchAction\",\"target\":{\"@type\":\"EntryPoint\",\"urlTemplate\":\"https:\\\/\\\/abeille-tarnetgaronnaise.fr\\\/Atg82_new\\\/?s={search_term_string}\"},\"query-input\":{\"@type\":\"PropertyValueSpecification\",\"valueRequired\":true,\"valueName\":\"search_term_string\"}}],\"inLanguage\":\"fr-FR\"},{\"@type\":\"Organization\",\"@id\":\"https:\\\/\\\/abeille-tarnetgaronnaise.fr\\\/Atg82_new\\\/#organization\",\"name\":\"L'abeille tarn et garonnaise\",\"url\":\"https:\\\/\\\/abeille-tarnetgaronnaise.fr\\\/Atg82_new\\\/\",\"logo\":{\"@type\":\"ImageObject\",\"inLanguage\":\"fr-FR\",\"@id\":\"https:\\\/\\\/abeille-tarnetgaronnaise.fr\\\/Atg82_new\\\/#\\\/schema\\\/logo\\\/image\\\/\",\"url\":\"https:\\\/\\\/abeille-tarnetgaronnaise.fr\\\/Atg82_new\\\/wp-content\\\/uploads\\\/2025\\\/02\\\/logo_ATG.jpg\",\"contentUrl\":\"https:\\\/\\\/abeille-tarnetgaronnaise.fr\\\/Atg82_new\\\/wp-content\\\/uploads\\\/2025\\\/02\\\/logo_ATG.jpg\",\"width\":200,\"height\":100,\"caption\":\"L'abeille tarn et garonnaise\"},\"image\":{\"@id\":\"https:\\\/\\\/abeille-tarnetgaronnaise.fr\\\/Atg82_new\\\/#\\\/schema\\\/logo\\\/image\\\/\"}},{\"@type\":\"Person\",\"@id\":\"https:\\\/\\\/abeille-tarnetgaronnaise.fr\\\/Atg82_new\\\/#\\\/schema\\\/person\\\/d6b0c1435c55620ff733d1fbd035c769\",\"name\":\"Atg2015\",\"url\":\"https:\\\/\\\/abeille-tarnetgaronnaise.fr\\\/Atg82_new\\\/author\\\/atg2015\\\/\"}]}<\/script>\n<!-- \/ Yoast SEO plugin. -->","yoast_head_json":{"title":"Un si petit cerveau, Un concentr\u00e9 d\u2019intelligence - L&#039;abeille tarn et garonnaise","robots":{"index":"index","follow":"follow","max-snippet":"max-snippet:-1","max-image-preview":"max-image-preview:large","max-video-preview":"max-video-preview:-1"},"canonical":"https:\/\/abeille-tarnetgaronnaise.fr\/Atg82_new\/un-si-petit-cerveau-un-concentre-dintelligence\/","og_locale":"fr_FR","og_type":"article","og_title":"Un si petit cerveau, Un concentr\u00e9 d\u2019intelligence - L&#039;abeille tarn et garonnaise","og_description":"Aurore Avargu\u00e8s-Weber, jeune chercheuse au CNRS-Universit\u00e9 Toulouse III, a re\u00e7u deux prix L\u2019Or\u00e9al-Unesco\u00a0 pour ses travaux sur l\u2019abeille. C\u2019est par un chanceux hasard au cours d\u2019un stage \u00e0 Toulouse qu\u2019elle [&hellip;]","og_url":"https:\/\/abeille-tarnetgaronnaise.fr\/Atg82_new\/un-si-petit-cerveau-un-concentre-dintelligence\/","og_site_name":"L&#039;abeille tarn et garonnaise","article_published_time":"2016-03-25T12:53:58+00:00","og_image":[{"width":355,"height":252,"url":"https:\/\/abeille-tarnetgaronnaise.fr\/Atg82_new\/wp-content\/uploads\/2016\/03\/apismelliferacarnica.jpg","type":"image\/jpeg"}],"author":"Atg2015","twitter_card":"summary_large_image","twitter_misc":{"\u00c9crit par":"Atg2015","Dur\u00e9e de lecture estim\u00e9e":"2 minutes"},"schema":{"@context":"https:\/\/schema.org","@graph":[{"@type":"Article","@id":"https:\/\/abeille-tarnetgaronnaise.fr\/Atg82_new\/un-si-petit-cerveau-un-concentre-dintelligence\/#article","isPartOf":{"@id":"https:\/\/abeille-tarnetgaronnaise.fr\/Atg82_new\/un-si-petit-cerveau-un-concentre-dintelligence\/"},"author":{"name":"Atg2015","@id":"https:\/\/abeille-tarnetgaronnaise.fr\/Atg82_new\/#\/schema\/person\/d6b0c1435c55620ff733d1fbd035c769"},"headline":"Un si petit cerveau, Un concentr\u00e9 d\u2019intelligence","datePublished":"2016-03-25T12:53:58+00:00","mainEntityOfPage":{"@id":"https:\/\/abeille-tarnetgaronnaise.fr\/Atg82_new\/un-si-petit-cerveau-un-concentre-dintelligence\/"},"wordCount":342,"publisher":{"@id":"https:\/\/abeille-tarnetgaronnaise.fr\/Atg82_new\/#organization"},"image":{"@id":"https:\/\/abeille-tarnetgaronnaise.fr\/Atg82_new\/un-si-petit-cerveau-un-concentre-dintelligence\/#primaryimage"},"thumbnailUrl":"https:\/\/abeille-tarnetgaronnaise.fr\/Atg82_new\/wp-content\/uploads\/2016\/03\/apismelliferacarnica.jpg","articleSection":{"0":"Dans le monde","1":"En France","2":"Insolite","3":"L'Association","4":"Le Rucher \u00e9cole","6":"toutes les actualit\u00e9s"},"inLanguage":"fr-FR"},{"@type":"WebPage","@id":"https:\/\/abeille-tarnetgaronnaise.fr\/Atg82_new\/un-si-petit-cerveau-un-concentre-dintelligence\/","url":"https:\/\/abeille-tarnetgaronnaise.fr\/Atg82_new\/un-si-petit-cerveau-un-concentre-dintelligence\/","name":"Un si petit cerveau, Un concentr\u00e9 d\u2019intelligence - L&#039;abeille tarn et garonnaise","isPartOf":{"@id":"https:\/\/abeille-tarnetgaronnaise.fr\/Atg82_new\/#website"},"primaryImageOfPage":{"@id":"https:\/\/abeille-tarnetgaronnaise.fr\/Atg82_new\/un-si-petit-cerveau-un-concentre-dintelligence\/#primaryimage"},"image":{"@id":"https:\/\/abeille-tarnetgaronnaise.fr\/Atg82_new\/un-si-petit-cerveau-un-concentre-dintelligence\/#primaryimage"},"thumbnailUrl":"https:\/\/abeille-tarnetgaronnaise.fr\/Atg82_new\/wp-content\/uploads\/2016\/03\/apismelliferacarnica.jpg","datePublished":"2016-03-25T12:53:58+00:00","breadcrumb":{"@id":"https:\/\/abeille-tarnetgaronnaise.fr\/Atg82_new\/un-si-petit-cerveau-un-concentre-dintelligence\/#breadcrumb"},"inLanguage":"fr-FR","potentialAction":[{"@type":"ReadAction","target":["https:\/\/abeille-tarnetgaronnaise.fr\/Atg82_new\/un-si-petit-cerveau-un-concentre-dintelligence\/"]}]},{"@type":"ImageObject","inLanguage":"fr-FR","@id":"https:\/\/abeille-tarnetgaronnaise.fr\/Atg82_new\/un-si-petit-cerveau-un-concentre-dintelligence\/#primaryimage","url":"https:\/\/abeille-tarnetgaronnaise.fr\/Atg82_new\/wp-content\/uploads\/2016\/03\/apismelliferacarnica.jpg","contentUrl":"https:\/\/abeille-tarnetgaronnaise.fr\/Atg82_new\/wp-content\/uploads\/2016\/03\/apismelliferacarnica.jpg","width":355,"height":252},{"@type":"BreadcrumbList","@id":"https:\/\/abeille-tarnetgaronnaise.fr\/Atg82_new\/un-si-petit-cerveau-un-concentre-dintelligence\/#breadcrumb","itemListElement":[{"@type":"ListItem","position":1,"name":"Accueil","item":"https:\/\/abeille-tarnetgaronnaise.fr\/Atg82_new\/"},{"@type":"ListItem","position":2,"name":"Un si petit cerveau, Un concentr\u00e9 d\u2019intelligence"}]},{"@type":"WebSite","@id":"https:\/\/abeille-tarnetgaronnaise.fr\/Atg82_new\/#website","url":"https:\/\/abeille-tarnetgaronnaise.fr\/Atg82_new\/","name":"L'Abeille Tarn et Garonnaise","description":"Ensemble, prot\u00e9geons les abeilles !","publisher":{"@id":"https:\/\/abeille-tarnetgaronnaise.fr\/Atg82_new\/#organization"},"potentialAction":[{"@type":"SearchAction","target":{"@type":"EntryPoint","urlTemplate":"https:\/\/abeille-tarnetgaronnaise.fr\/Atg82_new\/?s={search_term_string}"},"query-input":{"@type":"PropertyValueSpecification","valueRequired":true,"valueName":"search_term_string"}}],"inLanguage":"fr-FR"},{"@type":"Organization","@id":"https:\/\/abeille-tarnetgaronnaise.fr\/Atg82_new\/#organization","name":"L'abeille tarn et garonnaise","url":"https:\/\/abeille-tarnetgaronnaise.fr\/Atg82_new\/","logo":{"@type":"ImageObject","inLanguage":"fr-FR","@id":"https:\/\/abeille-tarnetgaronnaise.fr\/Atg82_new\/#\/schema\/logo\/image\/","url":"https:\/\/abeille-tarnetgaronnaise.fr\/Atg82_new\/wp-content\/uploads\/2025\/02\/logo_ATG.jpg","contentUrl":"https:\/\/abeille-tarnetgaronnaise.fr\/Atg82_new\/wp-content\/uploads\/2025\/02\/logo_ATG.jpg","width":200,"height":100,"caption":"L'abeille tarn et garonnaise"},"image":{"@id":"https:\/\/abeille-tarnetgaronnaise.fr\/Atg82_new\/#\/schema\/logo\/image\/"}},{"@type":"Person","@id":"https:\/\/abeille-tarnetgaronnaise.fr\/Atg82_new\/#\/schema\/person\/d6b0c1435c55620ff733d1fbd035c769","name":"Atg2015","url":"https:\/\/abeille-tarnetgaronnaise.fr\/Atg82_new\/author\/atg2015\/"}]}},"_links":{"self":[{"href":"https:\/\/abeille-tarnetgaronnaise.fr\/Atg82_new\/wp-json\/wp\/v2\/posts\/777","targetHints":{"allow":["GET"]}}],"collection":[{"href":"https:\/\/abeille-tarnetgaronnaise.fr\/Atg82_new\/wp-json\/wp\/v2\/posts"}],"about":[{"href":"https:\/\/abeille-tarnetgaronnaise.fr\/Atg82_new\/wp-json\/wp\/v2\/types\/post"}],"author":[{"embeddable":true,"href":"https:\/\/abeille-tarnetgaronnaise.fr\/Atg82_new\/wp-json\/wp\/v2\/users\/2"}],"replies":[{"embeddable":true,"href":"https:\/\/abeille-tarnetgaronnaise.fr\/Atg82_new\/wp-json\/wp\/v2\/comments?post=777"}],"version-history":[{"count":0,"href":"https:\/\/abeille-tarnetgaronnaise.fr\/Atg82_new\/wp-json\/wp\/v2\/posts\/777\/revisions"}],"wp:featuredmedia":[{"embeddable":true,"href":"https:\/\/abeille-tarnetgaronnaise.fr\/Atg82_new\/wp-json\/wp\/v2\/media\/779"}],"wp:attachment":[{"href":"https:\/\/abeille-tarnetgaronnaise.fr\/Atg82_new\/wp-json\/wp\/v2\/media?parent=777"}],"wp:term":[{"taxonomy":"category","embeddable":true,"href":"https:\/\/abeille-tarnetgaronnaise.fr\/Atg82_new\/wp-json\/wp\/v2\/categories?post=777"},{"taxonomy":"post_tag","embeddable":true,"href":"https:\/\/abeille-tarnetgaronnaise.fr\/Atg82_new\/wp-json\/wp\/v2\/tags?post=777"}],"curies":[{"name":"wp","href":"https:\/\/api.w.org\/{rel}","templated":true}]}}