{"id":752,"date":"2016-03-12T13:47:57","date_gmt":"2016-03-12T12:47:57","guid":{"rendered":"http:\/\/abeille-tarnetgaronnaise.fr\/Atg-V1\/?p=752"},"modified":"2016-03-12T13:47:57","modified_gmt":"2016-03-12T12:47:57","slug":"lobservatoire-francais-dapidologie","status":"publish","type":"post","link":"https:\/\/abeille-tarnetgaronnaise.fr\/Atg82_new\/lobservatoire-francais-dapidologie\/","title":{"rendered":"L&rsquo;observatoire fran\u00e7ais d&rsquo;apidologie"},"content":{"rendered":"<p><a href=\"http:\/\/abeille-tarnetgaronnaise.fr\/Atg-V1\/wp-content\/uploads\/2016\/03\/logo.png\" rel=\"attachment wp-att-753\"><img decoding=\"async\" class=\"alignleft wp-image-753 size-full\" src=\"http:\/\/abeille-tarnetgaronnaise.fr\/Atg-V1\/wp-content\/uploads\/2016\/03\/logo.png\" alt=\"\" width=\"150\" height=\"162\" \/><\/a>Install\u00e9 dans le Var, l&rsquo;OFA a lanc\u00e9 un vaste programme d\u00e9di\u00e9 \u00e0 la structuration de la fili\u00e8re apicole. Son objectif pour 2015-2025, 10 millions de ruches et de former 30 000 apiculteurs suppl\u00e9mentaires en Europe afin de maintenir la r\u00e9g\u00e9n\u00e9rescence des colonies d&rsquo;abeilles pour renforcer la pollinisation n\u00e9cessaire au maintien de la production agricole. <br \/>Soutenons-les pour leur initiative.<\/p>\n<p> Pour plus d&rsquo;information : <a class=\"moz-txt-link-freetext\" href=\"http:\/\/www.ofapidologie.org\">http:\/\/www.ofapidologie.org<\/a><\/p>\n","protected":false},"excerpt":{"rendered":"<p>Install\u00e9 dans le Var, l&rsquo;OFA a lanc\u00e9 un vaste programme d\u00e9di\u00e9 \u00e0 la structuration de la fili\u00e8re apicole. Son objectif pour 2015-2025, 10 millions de ruches et de former 30 [&hellip;]<\/p>\n","protected":false},"author":2,"featured_media":753,"comment_status":"closed","ping_status":"closed","sticky":false,"template":"","format":"standard","meta":{"footnotes":""},"categories":[7,8,9,11,10,1,12],"tags":[],"class_list":["post-752","post","type-post","status-publish","format-standard","has-post-thumbnail","hentry","category-dans-le-monde","category-en-france","category-insolite","category-l-association","category-le-rucher-ecole","category-non-classe","category-toutes-les-actualites"],"yoast_head":"<!-- This site is optimized with the Yoast SEO plugin v27.4 - https:\/\/yoast.com\/product\/yoast-seo-wordpress\/ -->\n<title>L&#039;observatoire fran\u00e7ais d&#039;apidologie - L&#039;abeille tarn et garonnaise<\/title>\n<meta name=\"robots\" content=\"index, follow, max-snippet:-1, max-image-preview:large, max-video-preview:-1\" \/>\n<link rel=\"canonical\" href=\"https:\/\/abeille-tarnetgaronnaise.fr\/Atg82_new\/lobservatoire-francais-dapidologie\/\" \/>\n<meta property=\"og:locale\" content=\"fr_FR\" \/>\n<meta property=\"og:type\" content=\"article\" \/>\n<meta property=\"og:title\" content=\"L&#039;observatoire fran\u00e7ais d&#039;apidologie - L&#039;abeille tarn et garonnaise\" \/>\n<meta property=\"og:description\" content=\"Install\u00e9 dans le Var, l&rsquo;OFA a lanc\u00e9 un vaste programme d\u00e9di\u00e9 \u00e0 la structuration de la fili\u00e8re apicole. Son objectif pour 2015-2025, 10 millions de ruches et de former 30 [&hellip;]\" \/>\n<meta property=\"og:url\" content=\"https:\/\/abeille-tarnetgaronnaise.fr\/Atg82_new\/lobservatoire-francais-dapidologie\/\" \/>\n<meta property=\"og:site_name\" content=\"L&#039;abeille tarn et garonnaise\" \/>\n<meta property=\"article:published_time\" content=\"2016-03-12T12:47:57+00:00\" \/>\n<meta property=\"og:image\" content=\"https:\/\/abeille-tarnetgaronnaise.fr\/Atg82_new\/wp-content\/uploads\/2016\/03\/logo.png\" \/>\n\t<meta property=\"og:image:width\" content=\"150\" \/>\n\t<meta property=\"og:image:height\" content=\"162\" \/>\n\t<meta property=\"og:image:type\" content=\"image\/png\" \/>\n<meta name=\"author\" content=\"Atg2015\" \/>\n<meta name=\"twitter:card\" content=\"summary_large_image\" \/>\n<meta name=\"twitter:label1\" content=\"\u00c9crit par\" \/>\n\t<meta name=\"twitter:data1\" content=\"Atg2015\" \/>\n<script type=\"application\/ld+json\" class=\"yoast-schema-graph\">{\"@context\":\"https:\\\/\\\/schema.org\",\"@graph\":[{\"@type\":\"Article\",\"@id\":\"https:\\\/\\\/abeille-tarnetgaronnaise.fr\\\/Atg82_new\\\/lobservatoire-francais-dapidologie\\\/#article\",\"isPartOf\":{\"@id\":\"https:\\\/\\\/abeille-tarnetgaronnaise.fr\\\/Atg82_new\\\/lobservatoire-francais-dapidologie\\\/\"},\"author\":{\"name\":\"Atg2015\",\"@id\":\"https:\\\/\\\/abeille-tarnetgaronnaise.fr\\\/Atg82_new\\\/#\\\/schema\\\/person\\\/d6b0c1435c55620ff733d1fbd035c769\"},\"headline\":\"L&rsquo;observatoire fran\u00e7ais d&rsquo;apidologie\",\"datePublished\":\"2016-03-12T12:47:57+00:00\",\"mainEntityOfPage\":{\"@id\":\"https:\\\/\\\/abeille-tarnetgaronnaise.fr\\\/Atg82_new\\\/lobservatoire-francais-dapidologie\\\/\"},\"wordCount\":77,\"publisher\":{\"@id\":\"https:\\\/\\\/abeille-tarnetgaronnaise.fr\\\/Atg82_new\\\/#organization\"},\"image\":{\"@id\":\"https:\\\/\\\/abeille-tarnetgaronnaise.fr\\\/Atg82_new\\\/lobservatoire-francais-dapidologie\\\/#primaryimage\"},\"thumbnailUrl\":\"https:\\\/\\\/abeille-tarnetgaronnaise.fr\\\/Atg82_new\\\/wp-content\\\/uploads\\\/2016\\\/03\\\/logo.png\",\"articleSection\":{\"0\":\"Dans le monde\",\"1\":\"En France\",\"2\":\"Insolite\",\"3\":\"L'Association\",\"4\":\"Le Rucher \u00e9cole\",\"6\":\"toutes les actualit\u00e9s\"},\"inLanguage\":\"fr-FR\"},{\"@type\":\"WebPage\",\"@id\":\"https:\\\/\\\/abeille-tarnetgaronnaise.fr\\\/Atg82_new\\\/lobservatoire-francais-dapidologie\\\/\",\"url\":\"https:\\\/\\\/abeille-tarnetgaronnaise.fr\\\/Atg82_new\\\/lobservatoire-francais-dapidologie\\\/\",\"name\":\"L'observatoire fran\u00e7ais d'apidologie - L&#039;abeille tarn et garonnaise\",\"isPartOf\":{\"@id\":\"https:\\\/\\\/abeille-tarnetgaronnaise.fr\\\/Atg82_new\\\/#website\"},\"primaryImageOfPage\":{\"@id\":\"https:\\\/\\\/abeille-tarnetgaronnaise.fr\\\/Atg82_new\\\/lobservatoire-francais-dapidologie\\\/#primaryimage\"},\"image\":{\"@id\":\"https:\\\/\\\/abeille-tarnetgaronnaise.fr\\\/Atg82_new\\\/lobservatoire-francais-dapidologie\\\/#primaryimage\"},\"thumbnailUrl\":\"https:\\\/\\\/abeille-tarnetgaronnaise.fr\\\/Atg82_new\\\/wp-content\\\/uploads\\\/2016\\\/03\\\/logo.png\",\"datePublished\":\"2016-03-12T12:47:57+00:00\",\"breadcrumb\":{\"@id\":\"https:\\\/\\\/abeille-tarnetgaronnaise.fr\\\/Atg82_new\\\/lobservatoire-francais-dapidologie\\\/#breadcrumb\"},\"inLanguage\":\"fr-FR\",\"potentialAction\":[{\"@type\":\"ReadAction\",\"target\":[\"https:\\\/\\\/abeille-tarnetgaronnaise.fr\\\/Atg82_new\\\/lobservatoire-francais-dapidologie\\\/\"]}]},{\"@type\":\"ImageObject\",\"inLanguage\":\"fr-FR\",\"@id\":\"https:\\\/\\\/abeille-tarnetgaronnaise.fr\\\/Atg82_new\\\/lobservatoire-francais-dapidologie\\\/#primaryimage\",\"url\":\"https:\\\/\\\/abeille-tarnetgaronnaise.fr\\\/Atg82_new\\\/wp-content\\\/uploads\\\/2016\\\/03\\\/logo.png\",\"contentUrl\":\"https:\\\/\\\/abeille-tarnetgaronnaise.fr\\\/Atg82_new\\\/wp-content\\\/uploads\\\/2016\\\/03\\\/logo.png\",\"width\":150,\"height\":162},{\"@type\":\"BreadcrumbList\",\"@id\":\"https:\\\/\\\/abeille-tarnetgaronnaise.fr\\\/Atg82_new\\\/lobservatoire-francais-dapidologie\\\/#breadcrumb\",\"itemListElement\":[{\"@type\":\"ListItem\",\"position\":1,\"name\":\"Accueil\",\"item\":\"https:\\\/\\\/abeille-tarnetgaronnaise.fr\\\/Atg82_new\\\/\"},{\"@type\":\"ListItem\",\"position\":2,\"name\":\"L&rsquo;observatoire fran\u00e7ais d&rsquo;apidologie\"}]},{\"@type\":\"WebSite\",\"@id\":\"https:\\\/\\\/abeille-tarnetgaronnaise.fr\\\/Atg82_new\\\/#website\",\"url\":\"https:\\\/\\\/abeille-tarnetgaronnaise.fr\\\/Atg82_new\\\/\",\"name\":\"L'Abeille Tarn et Garonnaise\",\"description\":\"Ensemble, prot\u00e9geons les abeilles !\",\"publisher\":{\"@id\":\"https:\\\/\\\/abeille-tarnetgaronnaise.fr\\\/Atg82_new\\\/#organization\"},\"potentialAction\":[{\"@type\":\"SearchAction\",\"target\":{\"@type\":\"EntryPoint\",\"urlTemplate\":\"https:\\\/\\\/abeille-tarnetgaronnaise.fr\\\/Atg82_new\\\/?s={search_term_string}\"},\"query-input\":{\"@type\":\"PropertyValueSpecification\",\"valueRequired\":true,\"valueName\":\"search_term_string\"}}],\"inLanguage\":\"fr-FR\"},{\"@type\":\"Organization\",\"@id\":\"https:\\\/\\\/abeille-tarnetgaronnaise.fr\\\/Atg82_new\\\/#organization\",\"name\":\"L'abeille tarn et garonnaise\",\"url\":\"https:\\\/\\\/abeille-tarnetgaronnaise.fr\\\/Atg82_new\\\/\",\"logo\":{\"@type\":\"ImageObject\",\"inLanguage\":\"fr-FR\",\"@id\":\"https:\\\/\\\/abeille-tarnetgaronnaise.fr\\\/Atg82_new\\\/#\\\/schema\\\/logo\\\/image\\\/\",\"url\":\"https:\\\/\\\/abeille-tarnetgaronnaise.fr\\\/Atg82_new\\\/wp-content\\\/uploads\\\/2025\\\/02\\\/logo_ATG.jpg\",\"contentUrl\":\"https:\\\/\\\/abeille-tarnetgaronnaise.fr\\\/Atg82_new\\\/wp-content\\\/uploads\\\/2025\\\/02\\\/logo_ATG.jpg\",\"width\":200,\"height\":100,\"caption\":\"L'abeille tarn et garonnaise\"},\"image\":{\"@id\":\"https:\\\/\\\/abeille-tarnetgaronnaise.fr\\\/Atg82_new\\\/#\\\/schema\\\/logo\\\/image\\\/\"}},{\"@type\":\"Person\",\"@id\":\"https:\\\/\\\/abeille-tarnetgaronnaise.fr\\\/Atg82_new\\\/#\\\/schema\\\/person\\\/d6b0c1435c55620ff733d1fbd035c769\",\"name\":\"Atg2015\",\"url\":\"https:\\\/\\\/abeille-tarnetgaronnaise.fr\\\/Atg82_new\\\/author\\\/atg2015\\\/\"}]}<\/script>\n<!-- \/ Yoast SEO plugin. -->","yoast_head_json":{"title":"L'observatoire fran\u00e7ais d'apidologie - L&#039;abeille tarn et garonnaise","robots":{"index":"index","follow":"follow","max-snippet":"max-snippet:-1","max-image-preview":"max-image-preview:large","max-video-preview":"max-video-preview:-1"},"canonical":"https:\/\/abeille-tarnetgaronnaise.fr\/Atg82_new\/lobservatoire-francais-dapidologie\/","og_locale":"fr_FR","og_type":"article","og_title":"L'observatoire fran\u00e7ais d'apidologie - L&#039;abeille tarn et garonnaise","og_description":"Install\u00e9 dans le Var, l&rsquo;OFA a lanc\u00e9 un vaste programme d\u00e9di\u00e9 \u00e0 la structuration de la fili\u00e8re apicole. Son objectif pour 2015-2025, 10 millions de ruches et de former 30 [&hellip;]","og_url":"https:\/\/abeille-tarnetgaronnaise.fr\/Atg82_new\/lobservatoire-francais-dapidologie\/","og_site_name":"L&#039;abeille tarn et garonnaise","article_published_time":"2016-03-12T12:47:57+00:00","og_image":[{"width":150,"height":162,"url":"https:\/\/abeille-tarnetgaronnaise.fr\/Atg82_new\/wp-content\/uploads\/2016\/03\/logo.png","type":"image\/png"}],"author":"Atg2015","twitter_card":"summary_large_image","twitter_misc":{"\u00c9crit par":"Atg2015"},"schema":{"@context":"https:\/\/schema.org","@graph":[{"@type":"Article","@id":"https:\/\/abeille-tarnetgaronnaise.fr\/Atg82_new\/lobservatoire-francais-dapidologie\/#article","isPartOf":{"@id":"https:\/\/abeille-tarnetgaronnaise.fr\/Atg82_new\/lobservatoire-francais-dapidologie\/"},"author":{"name":"Atg2015","@id":"https:\/\/abeille-tarnetgaronnaise.fr\/Atg82_new\/#\/schema\/person\/d6b0c1435c55620ff733d1fbd035c769"},"headline":"L&rsquo;observatoire fran\u00e7ais d&rsquo;apidologie","datePublished":"2016-03-12T12:47:57+00:00","mainEntityOfPage":{"@id":"https:\/\/abeille-tarnetgaronnaise.fr\/Atg82_new\/lobservatoire-francais-dapidologie\/"},"wordCount":77,"publisher":{"@id":"https:\/\/abeille-tarnetgaronnaise.fr\/Atg82_new\/#organization"},"image":{"@id":"https:\/\/abeille-tarnetgaronnaise.fr\/Atg82_new\/lobservatoire-francais-dapidologie\/#primaryimage"},"thumbnailUrl":"https:\/\/abeille-tarnetgaronnaise.fr\/Atg82_new\/wp-content\/uploads\/2016\/03\/logo.png","articleSection":{"0":"Dans le monde","1":"En France","2":"Insolite","3":"L'Association","4":"Le Rucher \u00e9cole","6":"toutes les actualit\u00e9s"},"inLanguage":"fr-FR"},{"@type":"WebPage","@id":"https:\/\/abeille-tarnetgaronnaise.fr\/Atg82_new\/lobservatoire-francais-dapidologie\/","url":"https:\/\/abeille-tarnetgaronnaise.fr\/Atg82_new\/lobservatoire-francais-dapidologie\/","name":"L'observatoire fran\u00e7ais d'apidologie - L&#039;abeille tarn et garonnaise","isPartOf":{"@id":"https:\/\/abeille-tarnetgaronnaise.fr\/Atg82_new\/#website"},"primaryImageOfPage":{"@id":"https:\/\/abeille-tarnetgaronnaise.fr\/Atg82_new\/lobservatoire-francais-dapidologie\/#primaryimage"},"image":{"@id":"https:\/\/abeille-tarnetgaronnaise.fr\/Atg82_new\/lobservatoire-francais-dapidologie\/#primaryimage"},"thumbnailUrl":"https:\/\/abeille-tarnetgaronnaise.fr\/Atg82_new\/wp-content\/uploads\/2016\/03\/logo.png","datePublished":"2016-03-12T12:47:57+00:00","breadcrumb":{"@id":"https:\/\/abeille-tarnetgaronnaise.fr\/Atg82_new\/lobservatoire-francais-dapidologie\/#breadcrumb"},"inLanguage":"fr-FR","potentialAction":[{"@type":"ReadAction","target":["https:\/\/abeille-tarnetgaronnaise.fr\/Atg82_new\/lobservatoire-francais-dapidologie\/"]}]},{"@type":"ImageObject","inLanguage":"fr-FR","@id":"https:\/\/abeille-tarnetgaronnaise.fr\/Atg82_new\/lobservatoire-francais-dapidologie\/#primaryimage","url":"https:\/\/abeille-tarnetgaronnaise.fr\/Atg82_new\/wp-content\/uploads\/2016\/03\/logo.png","contentUrl":"https:\/\/abeille-tarnetgaronnaise.fr\/Atg82_new\/wp-content\/uploads\/2016\/03\/logo.png","width":150,"height":162},{"@type":"BreadcrumbList","@id":"https:\/\/abeille-tarnetgaronnaise.fr\/Atg82_new\/lobservatoire-francais-dapidologie\/#breadcrumb","itemListElement":[{"@type":"ListItem","position":1,"name":"Accueil","item":"https:\/\/abeille-tarnetgaronnaise.fr\/Atg82_new\/"},{"@type":"ListItem","position":2,"name":"L&rsquo;observatoire fran\u00e7ais d&rsquo;apidologie"}]},{"@type":"WebSite","@id":"https:\/\/abeille-tarnetgaronnaise.fr\/Atg82_new\/#website","url":"https:\/\/abeille-tarnetgaronnaise.fr\/Atg82_new\/","name":"L'Abeille Tarn et Garonnaise","description":"Ensemble, prot\u00e9geons les abeilles !","publisher":{"@id":"https:\/\/abeille-tarnetgaronnaise.fr\/Atg82_new\/#organization"},"potentialAction":[{"@type":"SearchAction","target":{"@type":"EntryPoint","urlTemplate":"https:\/\/abeille-tarnetgaronnaise.fr\/Atg82_new\/?s={search_term_string}"},"query-input":{"@type":"PropertyValueSpecification","valueRequired":true,"valueName":"search_term_string"}}],"inLanguage":"fr-FR"},{"@type":"Organization","@id":"https:\/\/abeille-tarnetgaronnaise.fr\/Atg82_new\/#organization","name":"L'abeille tarn et garonnaise","url":"https:\/\/abeille-tarnetgaronnaise.fr\/Atg82_new\/","logo":{"@type":"ImageObject","inLanguage":"fr-FR","@id":"https:\/\/abeille-tarnetgaronnaise.fr\/Atg82_new\/#\/schema\/logo\/image\/","url":"https:\/\/abeille-tarnetgaronnaise.fr\/Atg82_new\/wp-content\/uploads\/2025\/02\/logo_ATG.jpg","contentUrl":"https:\/\/abeille-tarnetgaronnaise.fr\/Atg82_new\/wp-content\/uploads\/2025\/02\/logo_ATG.jpg","width":200,"height":100,"caption":"L'abeille tarn et garonnaise"},"image":{"@id":"https:\/\/abeille-tarnetgaronnaise.fr\/Atg82_new\/#\/schema\/logo\/image\/"}},{"@type":"Person","@id":"https:\/\/abeille-tarnetgaronnaise.fr\/Atg82_new\/#\/schema\/person\/d6b0c1435c55620ff733d1fbd035c769","name":"Atg2015","url":"https:\/\/abeille-tarnetgaronnaise.fr\/Atg82_new\/author\/atg2015\/"}]}},"_links":{"self":[{"href":"https:\/\/abeille-tarnetgaronnaise.fr\/Atg82_new\/wp-json\/wp\/v2\/posts\/752","targetHints":{"allow":["GET"]}}],"collection":[{"href":"https:\/\/abeille-tarnetgaronnaise.fr\/Atg82_new\/wp-json\/wp\/v2\/posts"}],"about":[{"href":"https:\/\/abeille-tarnetgaronnaise.fr\/Atg82_new\/wp-json\/wp\/v2\/types\/post"}],"author":[{"embeddable":true,"href":"https:\/\/abeille-tarnetgaronnaise.fr\/Atg82_new\/wp-json\/wp\/v2\/users\/2"}],"replies":[{"embeddable":true,"href":"https:\/\/abeille-tarnetgaronnaise.fr\/Atg82_new\/wp-json\/wp\/v2\/comments?post=752"}],"version-history":[{"count":0,"href":"https:\/\/abeille-tarnetgaronnaise.fr\/Atg82_new\/wp-json\/wp\/v2\/posts\/752\/revisions"}],"wp:featuredmedia":[{"embeddable":true,"href":"https:\/\/abeille-tarnetgaronnaise.fr\/Atg82_new\/wp-json\/wp\/v2\/media\/753"}],"wp:attachment":[{"href":"https:\/\/abeille-tarnetgaronnaise.fr\/Atg82_new\/wp-json\/wp\/v2\/media?parent=752"}],"wp:term":[{"taxonomy":"category","embeddable":true,"href":"https:\/\/abeille-tarnetgaronnaise.fr\/Atg82_new\/wp-json\/wp\/v2\/categories?post=752"},{"taxonomy":"post_tag","embeddable":true,"href":"https:\/\/abeille-tarnetgaronnaise.fr\/Atg82_new\/wp-json\/wp\/v2\/tags?post=752"}],"curies":[{"name":"wp","href":"https:\/\/api.w.org\/{rel}","templated":true}]}}