{"id":639,"date":"2015-11-02T14:50:43","date_gmt":"2015-11-02T13:50:43","guid":{"rendered":"http:\/\/abeille-tarnetgaronnaise.fr\/Atg-V1\/?p=639"},"modified":"2015-11-02T14:50:43","modified_gmt":"2015-11-02T13:50:43","slug":"concours-de-miels-en-aveyron","status":"publish","type":"post","link":"https:\/\/abeille-tarnetgaronnaise.fr\/Atg82_new\/concours-de-miels-en-aveyron\/","title":{"rendered":"Concours de miels en AVEYRON"},"content":{"rendered":"<h2>BARAQUEVILLE\u2013 Samedi 17 octobre 2015<\/h2>\n<p><a href=\"http:\/\/abeille-tarnetgaronnaise.fr\/Atg-V1\/wp-content\/uploads\/2015\/11\/Baraqueville-17-10-15_1.jpg\"><img fetchpriority=\"high\" decoding=\"async\" class=\"aligncenter wp-image-643 size-full\" src=\"http:\/\/abeille-tarnetgaronnaise.fr\/Atg-V1\/wp-content\/uploads\/2015\/11\/Baraqueville-17-10-15_1.jpg\" alt=\"Baraqueville-17-10-15_1\" width=\"718\" height=\"538\" srcset=\"https:\/\/abeille-tarnetgaronnaise.fr\/Atg82_new\/wp-content\/uploads\/2015\/11\/Baraqueville-17-10-15_1.jpg 718w, https:\/\/abeille-tarnetgaronnaise.fr\/Atg82_new\/wp-content\/uploads\/2015\/11\/Baraqueville-17-10-15_1-300x225.jpg 300w\" sizes=\"(max-width: 718px) 100vw, 718px\" \/><\/a><\/p>\n<p>Par une belle journ\u00e9e ensoleill\u00e9e et une ambiance amicale entre participants, un concours officiel des miels de l&rsquo;Aveyron s\u2019est d\u00e9roul\u00e9 le samedi 17 octobre, \u00e0 Baraqueville, dans le cadre de la manifestation Arbre expo.<\/p>\n<p>Notre Pr\u00e9sident d\u2019honneur Denis BOYE y \u00e9tait convi\u00e9 en temps que membre du jury par J\u00e9r\u00f4me De Lescure Pr\u00e9sident du Syndicat d\u00e9partemental \u00ab L\u2019abeille de l\u2019Aveyron \u00bb.<\/p>\n<p>Etaient admis \u00e0 concourir les apiculteurs \u00e0 titre individuel ou en soci\u00e9t\u00e9 (Gaec, Earl, etc.) enregistr\u00e9s en Aveyron avec des miels exclusivement r\u00e9colt\u00e9s dans l&rsquo;ann\u00e9e dont les ruches sont d\u00e9clar\u00e9es \u00e0 la DDCSPP. Les apiculteurs \u00e9taient r\u00e9partis en deux cat\u00e9gories : apiculteurs commercialisant, de mani\u00e8re significative, du miel dont l&rsquo;\u00e9chantillon avait \u00e9t\u00e9 pr\u00e9lev\u00e9 dans un lot de miel de 100 kg minimum, et apiculteurs ne commercialisant pas ou peu.<\/p>\n<p>&nbsp;<\/p>\n<p><center><\/p>\n<table style=\"width: 600px;\" border=\"0\" cellspacing=\"0\" cellpadding=\"0\">\n<tbody>\n<tr>\n<td><a href=\"http:\/\/abeille-tarnetgaronnaise.fr\/Atg-V1\/wp-content\/uploads\/2015\/11\/Baraqueville-17-10-15_2.jpg\"><img decoding=\"async\" class=\"alignnone wp-image-642 size-medium\" src=\"http:\/\/abeille-tarnetgaronnaise.fr\/Atg-V1\/wp-content\/uploads\/2015\/11\/Baraqueville-17-10-15_2-300x225.jpg\" alt=\"\" width=\"300\" height=\"225\" srcset=\"https:\/\/abeille-tarnetgaronnaise.fr\/Atg82_new\/wp-content\/uploads\/2015\/11\/Baraqueville-17-10-15_2-300x225.jpg 300w, https:\/\/abeille-tarnetgaronnaise.fr\/Atg82_new\/wp-content\/uploads\/2015\/11\/Baraqueville-17-10-15_2.jpg 718w\" sizes=\"(max-width: 300px) 100vw, 300px\" \/><\/a><\/td>\n<td><a href=\"http:\/\/abeille-tarnetgaronnaise.fr\/Atg-V1\/wp-content\/uploads\/2015\/11\/Baraqueville-17-10-15_31.jpg\"><img decoding=\"async\" class=\"alignnone size-medium wp-image-647\" src=\"http:\/\/abeille-tarnetgaronnaise.fr\/Atg-V1\/wp-content\/uploads\/2015\/11\/Baraqueville-17-10-15_31-300x225.jpg\" alt=\"\" width=\"300\" height=\"225\" srcset=\"https:\/\/abeille-tarnetgaronnaise.fr\/Atg82_new\/wp-content\/uploads\/2015\/11\/Baraqueville-17-10-15_31-300x225.jpg 300w, https:\/\/abeille-tarnetgaronnaise.fr\/Atg82_new\/wp-content\/uploads\/2015\/11\/Baraqueville-17-10-15_31.jpg 718w\" sizes=\"(max-width: 300px) 100vw, 300px\" \/><\/a><\/td>\n<\/tr>\n<\/tbody>\n<\/table>\n<p><\/center><\/p>\n<p>Les tables de d\u00e9gustation pr\u00eates \u00e0 recevoir les membres du jury<\/p>\n<p><a href=\"http:\/\/abeille-tarnetgaronnaise.fr\/Atg-V1\/wp-content\/uploads\/2015\/11\/Baraqueville-17-10-15_4.jpg\"><img loading=\"lazy\" decoding=\"async\" class=\"aligncenter wp-image-646 size-full\" src=\"http:\/\/abeille-tarnetgaronnaise.fr\/Atg-V1\/wp-content\/uploads\/2015\/11\/Baraqueville-17-10-15_4.jpg\" alt=\"\" width=\"718\" height=\"538\" srcset=\"https:\/\/abeille-tarnetgaronnaise.fr\/Atg82_new\/wp-content\/uploads\/2015\/11\/Baraqueville-17-10-15_4.jpg 718w, https:\/\/abeille-tarnetgaronnaise.fr\/Atg82_new\/wp-content\/uploads\/2015\/11\/Baraqueville-17-10-15_4-300x225.jpg 300w\" sizes=\"(max-width: 718px) 100vw, 718px\" \/><\/a><\/p>\n<p>Le jury en plein travail\u2026 62 \u00e9chantillons des diff\u00e9rents miels r\u00e9colt\u00e9s en Aveyron ont \u00e9t\u00e9 pr\u00e9sent\u00e9s aux 40 membres du jury. Ces derniers se sont appliqu\u00e9s \u00e0 s\u00e9lectionner les meilleurs produits ce qui n\u2019est pas chose simple quand tous les miels pr\u00e9sent\u00e9s sont d\u2019excellente qualit\u00e9\u2026<\/p>\n<p><a href=\"http:\/\/abeille-tarnetgaronnaise.fr\/Atg-V1\/wp-content\/uploads\/2015\/11\/Baraqueville-17-10-15_5.jpg\"><img loading=\"lazy\" decoding=\"async\" class=\"aligncenter wp-image-644 size-full\" src=\"http:\/\/abeille-tarnetgaronnaise.fr\/Atg-V1\/wp-content\/uploads\/2015\/11\/Baraqueville-17-10-15_5.jpg\" alt=\"\" width=\"718\" height=\"538\" srcset=\"https:\/\/abeille-tarnetgaronnaise.fr\/Atg82_new\/wp-content\/uploads\/2015\/11\/Baraqueville-17-10-15_5.jpg 718w, https:\/\/abeille-tarnetgaronnaise.fr\/Atg82_new\/wp-content\/uploads\/2015\/11\/Baraqueville-17-10-15_5-300x225.jpg 300w\" sizes=\"(max-width: 718px) 100vw, 718px\" \/><\/a><\/p>\n<p>Une vingtaine de coupe a \u00e9t\u00e9 offerte aux apiculteurs les plus m\u00e9ritants.<\/p>\n<p>&nbsp;<\/p>\n<p><center><\/p>\n<table style=\"width: 600px;\" border=\"0\" cellspacing=\"0\" cellpadding=\"0\">\n<tbody>\n<tr>\n<td><a href=\"http:\/\/abeille-tarnetgaronnaise.fr\/Atg-V1\/wp-content\/uploads\/2015\/11\/Baraqueville-17-10-15_6.jpg\"><img loading=\"lazy\" decoding=\"async\" class=\"alignnone size-medium wp-image-674\" src=\"http:\/\/abeille-tarnetgaronnaise.fr\/Atg-V1\/wp-content\/uploads\/2015\/11\/Baraqueville-17-10-15_6-300x226.jpg\" alt=\"Baraqueville-17-10-15_6\" width=\"300\" height=\"226\" srcset=\"https:\/\/abeille-tarnetgaronnaise.fr\/Atg82_new\/wp-content\/uploads\/2015\/11\/Baraqueville-17-10-15_6-300x226.jpg 300w, https:\/\/abeille-tarnetgaronnaise.fr\/Atg82_new\/wp-content\/uploads\/2015\/11\/Baraqueville-17-10-15_6.jpg 729w\" sizes=\"(max-width: 300px) 100vw, 300px\" \/><\/a><\/td>\n<td><a href=\"http:\/\/abeille-tarnetgaronnaise.fr\/Atg-V1\/wp-content\/uploads\/2015\/11\/Baraqueville-17-10-15_7.jpg\"><img loading=\"lazy\" decoding=\"async\" class=\"alignnone wp-image-675 size-medium\" src=\"http:\/\/abeille-tarnetgaronnaise.fr\/Atg-V1\/wp-content\/uploads\/2015\/11\/Baraqueville-17-10-15_7-300x226.jpg\" alt=\"\" width=\"300\" height=\"226\" srcset=\"https:\/\/abeille-tarnetgaronnaise.fr\/Atg82_new\/wp-content\/uploads\/2015\/11\/Baraqueville-17-10-15_7-300x226.jpg 300w, https:\/\/abeille-tarnetgaronnaise.fr\/Atg82_new\/wp-content\/uploads\/2015\/11\/Baraqueville-17-10-15_7.jpg 729w\" sizes=\"(max-width: 300px) 100vw, 300px\" \/><\/a><\/td>\n<\/tr>\n<\/tbody>\n<\/table>\n<p><\/center><\/p>\n<p>Edmond VAYSSE, vice pr\u00e9sident et ami de longue date de notre pr\u00e9sident d\u2019honneur \u00e0 quant \u00e0 lui re\u00e7u le premier prix \u00ab coupe OR \u00bb pour un miel de miellat et for\u00eat, et un second prix \u00ab coupe d\u2019Argent \u00bb pour un miel clair \u00ab toutes fleurs \u00bb<br \/> \u00ab L\u2019Abeille Tarn et Garonnaise \u00bb s\u2019associe \u00e0 \u00ab L\u2019Abeille de l\u2019Aveyron \u00bb pour f\u00e9liciter Edmond et l\u2019ensemble des participants \u00e0 cette belle journ\u00e9e organis\u00e9e de main de ma\u00eetre.<br \/> PL.<\/p>\n","protected":false},"excerpt":{"rendered":"<p>BARAQUEVILLE\u2013 Samedi 17 octobre 2015 Par une belle journ\u00e9e ensoleill\u00e9e et une ambiance amicale entre participants, un concours officiel des miels de l&rsquo;Aveyron s\u2019est d\u00e9roul\u00e9 le samedi 17 octobre, \u00e0 [&hellip;]<\/p>\n","protected":false},"author":2,"featured_media":643,"comment_status":"closed","ping_status":"closed","sticky":false,"template":"","format":"standard","meta":{"footnotes":""},"categories":[7,8,9,11,10,1,12],"tags":[14],"class_list":["post-639","post","type-post","status-publish","format-standard","has-post-thumbnail","hentry","category-dans-le-monde","category-en-france","category-insolite","category-l-association","category-le-rucher-ecole","category-non-classe","category-toutes-les-actualites","tag-syndicat"],"yoast_head":"<!-- This site is optimized with the Yoast SEO plugin v27.4 - https:\/\/yoast.com\/product\/yoast-seo-wordpress\/ -->\n<title>Concours de miels en AVEYRON - L&#039;abeille tarn et garonnaise<\/title>\n<meta name=\"robots\" content=\"index, follow, max-snippet:-1, max-image-preview:large, max-video-preview:-1\" \/>\n<link rel=\"canonical\" href=\"https:\/\/abeille-tarnetgaronnaise.fr\/Atg82_new\/concours-de-miels-en-aveyron\/\" \/>\n<meta property=\"og:locale\" content=\"fr_FR\" \/>\n<meta property=\"og:type\" content=\"article\" \/>\n<meta property=\"og:title\" content=\"Concours de miels en AVEYRON - L&#039;abeille tarn et garonnaise\" \/>\n<meta property=\"og:description\" content=\"BARAQUEVILLE\u2013 Samedi 17 octobre 2015 Par une belle journ\u00e9e ensoleill\u00e9e et une ambiance amicale entre participants, un concours officiel des miels de l&rsquo;Aveyron s\u2019est d\u00e9roul\u00e9 le samedi 17 octobre, \u00e0 [&hellip;]\" \/>\n<meta property=\"og:url\" content=\"https:\/\/abeille-tarnetgaronnaise.fr\/Atg82_new\/concours-de-miels-en-aveyron\/\" \/>\n<meta property=\"og:site_name\" content=\"L&#039;abeille tarn et garonnaise\" \/>\n<meta property=\"article:published_time\" content=\"2015-11-02T13:50:43+00:00\" \/>\n<meta property=\"og:image\" content=\"https:\/\/abeille-tarnetgaronnaise.fr\/Atg82_new\/wp-content\/uploads\/2015\/11\/Baraqueville-17-10-15_1.jpg\" \/>\n\t<meta property=\"og:image:width\" content=\"718\" \/>\n\t<meta property=\"og:image:height\" content=\"538\" \/>\n\t<meta property=\"og:image:type\" content=\"image\/jpeg\" \/>\n<meta name=\"author\" content=\"Atg2015\" \/>\n<meta name=\"twitter:card\" content=\"summary_large_image\" \/>\n<meta name=\"twitter:label1\" content=\"\u00c9crit par\" \/>\n\t<meta name=\"twitter:data1\" content=\"Atg2015\" \/>\n\t<meta name=\"twitter:label2\" content=\"Dur\u00e9e de lecture estim\u00e9e\" \/>\n\t<meta name=\"twitter:data2\" content=\"2 minutes\" \/>\n<script type=\"application\/ld+json\" class=\"yoast-schema-graph\">{\"@context\":\"https:\\\/\\\/schema.org\",\"@graph\":[{\"@type\":\"Article\",\"@id\":\"https:\\\/\\\/abeille-tarnetgaronnaise.fr\\\/Atg82_new\\\/concours-de-miels-en-aveyron\\\/#article\",\"isPartOf\":{\"@id\":\"https:\\\/\\\/abeille-tarnetgaronnaise.fr\\\/Atg82_new\\\/concours-de-miels-en-aveyron\\\/\"},\"author\":{\"name\":\"Atg2015\",\"@id\":\"https:\\\/\\\/abeille-tarnetgaronnaise.fr\\\/Atg82_new\\\/#\\\/schema\\\/person\\\/d6b0c1435c55620ff733d1fbd035c769\"},\"headline\":\"Concours de miels en AVEYRON\",\"datePublished\":\"2015-11-02T13:50:43+00:00\",\"mainEntityOfPage\":{\"@id\":\"https:\\\/\\\/abeille-tarnetgaronnaise.fr\\\/Atg82_new\\\/concours-de-miels-en-aveyron\\\/\"},\"wordCount\":314,\"publisher\":{\"@id\":\"https:\\\/\\\/abeille-tarnetgaronnaise.fr\\\/Atg82_new\\\/#organization\"},\"image\":{\"@id\":\"https:\\\/\\\/abeille-tarnetgaronnaise.fr\\\/Atg82_new\\\/concours-de-miels-en-aveyron\\\/#primaryimage\"},\"thumbnailUrl\":\"https:\\\/\\\/abeille-tarnetgaronnaise.fr\\\/Atg82_new\\\/wp-content\\\/uploads\\\/2015\\\/11\\\/Baraqueville-17-10-15_1.jpg\",\"keywords\":[\"syndicat\"],\"articleSection\":{\"0\":\"Dans le monde\",\"1\":\"En France\",\"2\":\"Insolite\",\"3\":\"L'Association\",\"4\":\"Le Rucher \u00e9cole\",\"6\":\"toutes les actualit\u00e9s\"},\"inLanguage\":\"fr-FR\"},{\"@type\":\"WebPage\",\"@id\":\"https:\\\/\\\/abeille-tarnetgaronnaise.fr\\\/Atg82_new\\\/concours-de-miels-en-aveyron\\\/\",\"url\":\"https:\\\/\\\/abeille-tarnetgaronnaise.fr\\\/Atg82_new\\\/concours-de-miels-en-aveyron\\\/\",\"name\":\"Concours de miels en AVEYRON - L&#039;abeille tarn et garonnaise\",\"isPartOf\":{\"@id\":\"https:\\\/\\\/abeille-tarnetgaronnaise.fr\\\/Atg82_new\\\/#website\"},\"primaryImageOfPage\":{\"@id\":\"https:\\\/\\\/abeille-tarnetgaronnaise.fr\\\/Atg82_new\\\/concours-de-miels-en-aveyron\\\/#primaryimage\"},\"image\":{\"@id\":\"https:\\\/\\\/abeille-tarnetgaronnaise.fr\\\/Atg82_new\\\/concours-de-miels-en-aveyron\\\/#primaryimage\"},\"thumbnailUrl\":\"https:\\\/\\\/abeille-tarnetgaronnaise.fr\\\/Atg82_new\\\/wp-content\\\/uploads\\\/2015\\\/11\\\/Baraqueville-17-10-15_1.jpg\",\"datePublished\":\"2015-11-02T13:50:43+00:00\",\"breadcrumb\":{\"@id\":\"https:\\\/\\\/abeille-tarnetgaronnaise.fr\\\/Atg82_new\\\/concours-de-miels-en-aveyron\\\/#breadcrumb\"},\"inLanguage\":\"fr-FR\",\"potentialAction\":[{\"@type\":\"ReadAction\",\"target\":[\"https:\\\/\\\/abeille-tarnetgaronnaise.fr\\\/Atg82_new\\\/concours-de-miels-en-aveyron\\\/\"]}]},{\"@type\":\"ImageObject\",\"inLanguage\":\"fr-FR\",\"@id\":\"https:\\\/\\\/abeille-tarnetgaronnaise.fr\\\/Atg82_new\\\/concours-de-miels-en-aveyron\\\/#primaryimage\",\"url\":\"https:\\\/\\\/abeille-tarnetgaronnaise.fr\\\/Atg82_new\\\/wp-content\\\/uploads\\\/2015\\\/11\\\/Baraqueville-17-10-15_1.jpg\",\"contentUrl\":\"https:\\\/\\\/abeille-tarnetgaronnaise.fr\\\/Atg82_new\\\/wp-content\\\/uploads\\\/2015\\\/11\\\/Baraqueville-17-10-15_1.jpg\",\"width\":718,\"height\":538},{\"@type\":\"BreadcrumbList\",\"@id\":\"https:\\\/\\\/abeille-tarnetgaronnaise.fr\\\/Atg82_new\\\/concours-de-miels-en-aveyron\\\/#breadcrumb\",\"itemListElement\":[{\"@type\":\"ListItem\",\"position\":1,\"name\":\"Accueil\",\"item\":\"https:\\\/\\\/abeille-tarnetgaronnaise.fr\\\/Atg82_new\\\/\"},{\"@type\":\"ListItem\",\"position\":2,\"name\":\"Concours de miels en AVEYRON\"}]},{\"@type\":\"WebSite\",\"@id\":\"https:\\\/\\\/abeille-tarnetgaronnaise.fr\\\/Atg82_new\\\/#website\",\"url\":\"https:\\\/\\\/abeille-tarnetgaronnaise.fr\\\/Atg82_new\\\/\",\"name\":\"L'Abeille Tarn et Garonnaise\",\"description\":\"Ensemble, prot\u00e9geons les abeilles !\",\"publisher\":{\"@id\":\"https:\\\/\\\/abeille-tarnetgaronnaise.fr\\\/Atg82_new\\\/#organization\"},\"potentialAction\":[{\"@type\":\"SearchAction\",\"target\":{\"@type\":\"EntryPoint\",\"urlTemplate\":\"https:\\\/\\\/abeille-tarnetgaronnaise.fr\\\/Atg82_new\\\/?s={search_term_string}\"},\"query-input\":{\"@type\":\"PropertyValueSpecification\",\"valueRequired\":true,\"valueName\":\"search_term_string\"}}],\"inLanguage\":\"fr-FR\"},{\"@type\":\"Organization\",\"@id\":\"https:\\\/\\\/abeille-tarnetgaronnaise.fr\\\/Atg82_new\\\/#organization\",\"name\":\"L'abeille tarn et garonnaise\",\"url\":\"https:\\\/\\\/abeille-tarnetgaronnaise.fr\\\/Atg82_new\\\/\",\"logo\":{\"@type\":\"ImageObject\",\"inLanguage\":\"fr-FR\",\"@id\":\"https:\\\/\\\/abeille-tarnetgaronnaise.fr\\\/Atg82_new\\\/#\\\/schema\\\/logo\\\/image\\\/\",\"url\":\"https:\\\/\\\/abeille-tarnetgaronnaise.fr\\\/Atg82_new\\\/wp-content\\\/uploads\\\/2025\\\/02\\\/logo_ATG.jpg\",\"contentUrl\":\"https:\\\/\\\/abeille-tarnetgaronnaise.fr\\\/Atg82_new\\\/wp-content\\\/uploads\\\/2025\\\/02\\\/logo_ATG.jpg\",\"width\":200,\"height\":100,\"caption\":\"L'abeille tarn et garonnaise\"},\"image\":{\"@id\":\"https:\\\/\\\/abeille-tarnetgaronnaise.fr\\\/Atg82_new\\\/#\\\/schema\\\/logo\\\/image\\\/\"}},{\"@type\":\"Person\",\"@id\":\"https:\\\/\\\/abeille-tarnetgaronnaise.fr\\\/Atg82_new\\\/#\\\/schema\\\/person\\\/d6b0c1435c55620ff733d1fbd035c769\",\"name\":\"Atg2015\",\"url\":\"https:\\\/\\\/abeille-tarnetgaronnaise.fr\\\/Atg82_new\\\/author\\\/atg2015\\\/\"}]}<\/script>\n<!-- \/ Yoast SEO plugin. -->","yoast_head_json":{"title":"Concours de miels en AVEYRON - L&#039;abeille tarn et garonnaise","robots":{"index":"index","follow":"follow","max-snippet":"max-snippet:-1","max-image-preview":"max-image-preview:large","max-video-preview":"max-video-preview:-1"},"canonical":"https:\/\/abeille-tarnetgaronnaise.fr\/Atg82_new\/concours-de-miels-en-aveyron\/","og_locale":"fr_FR","og_type":"article","og_title":"Concours de miels en AVEYRON - L&#039;abeille tarn et garonnaise","og_description":"BARAQUEVILLE\u2013 Samedi 17 octobre 2015 Par une belle journ\u00e9e ensoleill\u00e9e et une ambiance amicale entre participants, un concours officiel des miels de l&rsquo;Aveyron s\u2019est d\u00e9roul\u00e9 le samedi 17 octobre, \u00e0 [&hellip;]","og_url":"https:\/\/abeille-tarnetgaronnaise.fr\/Atg82_new\/concours-de-miels-en-aveyron\/","og_site_name":"L&#039;abeille tarn et garonnaise","article_published_time":"2015-11-02T13:50:43+00:00","og_image":[{"width":718,"height":538,"url":"https:\/\/abeille-tarnetgaronnaise.fr\/Atg82_new\/wp-content\/uploads\/2015\/11\/Baraqueville-17-10-15_1.jpg","type":"image\/jpeg"}],"author":"Atg2015","twitter_card":"summary_large_image","twitter_misc":{"\u00c9crit par":"Atg2015","Dur\u00e9e de lecture estim\u00e9e":"2 minutes"},"schema":{"@context":"https:\/\/schema.org","@graph":[{"@type":"Article","@id":"https:\/\/abeille-tarnetgaronnaise.fr\/Atg82_new\/concours-de-miels-en-aveyron\/#article","isPartOf":{"@id":"https:\/\/abeille-tarnetgaronnaise.fr\/Atg82_new\/concours-de-miels-en-aveyron\/"},"author":{"name":"Atg2015","@id":"https:\/\/abeille-tarnetgaronnaise.fr\/Atg82_new\/#\/schema\/person\/d6b0c1435c55620ff733d1fbd035c769"},"headline":"Concours de miels en AVEYRON","datePublished":"2015-11-02T13:50:43+00:00","mainEntityOfPage":{"@id":"https:\/\/abeille-tarnetgaronnaise.fr\/Atg82_new\/concours-de-miels-en-aveyron\/"},"wordCount":314,"publisher":{"@id":"https:\/\/abeille-tarnetgaronnaise.fr\/Atg82_new\/#organization"},"image":{"@id":"https:\/\/abeille-tarnetgaronnaise.fr\/Atg82_new\/concours-de-miels-en-aveyron\/#primaryimage"},"thumbnailUrl":"https:\/\/abeille-tarnetgaronnaise.fr\/Atg82_new\/wp-content\/uploads\/2015\/11\/Baraqueville-17-10-15_1.jpg","keywords":["syndicat"],"articleSection":{"0":"Dans le monde","1":"En France","2":"Insolite","3":"L'Association","4":"Le Rucher \u00e9cole","6":"toutes les actualit\u00e9s"},"inLanguage":"fr-FR"},{"@type":"WebPage","@id":"https:\/\/abeille-tarnetgaronnaise.fr\/Atg82_new\/concours-de-miels-en-aveyron\/","url":"https:\/\/abeille-tarnetgaronnaise.fr\/Atg82_new\/concours-de-miels-en-aveyron\/","name":"Concours de miels en AVEYRON - L&#039;abeille tarn et garonnaise","isPartOf":{"@id":"https:\/\/abeille-tarnetgaronnaise.fr\/Atg82_new\/#website"},"primaryImageOfPage":{"@id":"https:\/\/abeille-tarnetgaronnaise.fr\/Atg82_new\/concours-de-miels-en-aveyron\/#primaryimage"},"image":{"@id":"https:\/\/abeille-tarnetgaronnaise.fr\/Atg82_new\/concours-de-miels-en-aveyron\/#primaryimage"},"thumbnailUrl":"https:\/\/abeille-tarnetgaronnaise.fr\/Atg82_new\/wp-content\/uploads\/2015\/11\/Baraqueville-17-10-15_1.jpg","datePublished":"2015-11-02T13:50:43+00:00","breadcrumb":{"@id":"https:\/\/abeille-tarnetgaronnaise.fr\/Atg82_new\/concours-de-miels-en-aveyron\/#breadcrumb"},"inLanguage":"fr-FR","potentialAction":[{"@type":"ReadAction","target":["https:\/\/abeille-tarnetgaronnaise.fr\/Atg82_new\/concours-de-miels-en-aveyron\/"]}]},{"@type":"ImageObject","inLanguage":"fr-FR","@id":"https:\/\/abeille-tarnetgaronnaise.fr\/Atg82_new\/concours-de-miels-en-aveyron\/#primaryimage","url":"https:\/\/abeille-tarnetgaronnaise.fr\/Atg82_new\/wp-content\/uploads\/2015\/11\/Baraqueville-17-10-15_1.jpg","contentUrl":"https:\/\/abeille-tarnetgaronnaise.fr\/Atg82_new\/wp-content\/uploads\/2015\/11\/Baraqueville-17-10-15_1.jpg","width":718,"height":538},{"@type":"BreadcrumbList","@id":"https:\/\/abeille-tarnetgaronnaise.fr\/Atg82_new\/concours-de-miels-en-aveyron\/#breadcrumb","itemListElement":[{"@type":"ListItem","position":1,"name":"Accueil","item":"https:\/\/abeille-tarnetgaronnaise.fr\/Atg82_new\/"},{"@type":"ListItem","position":2,"name":"Concours de miels en AVEYRON"}]},{"@type":"WebSite","@id":"https:\/\/abeille-tarnetgaronnaise.fr\/Atg82_new\/#website","url":"https:\/\/abeille-tarnetgaronnaise.fr\/Atg82_new\/","name":"L'Abeille Tarn et Garonnaise","description":"Ensemble, prot\u00e9geons les abeilles !","publisher":{"@id":"https:\/\/abeille-tarnetgaronnaise.fr\/Atg82_new\/#organization"},"potentialAction":[{"@type":"SearchAction","target":{"@type":"EntryPoint","urlTemplate":"https:\/\/abeille-tarnetgaronnaise.fr\/Atg82_new\/?s={search_term_string}"},"query-input":{"@type":"PropertyValueSpecification","valueRequired":true,"valueName":"search_term_string"}}],"inLanguage":"fr-FR"},{"@type":"Organization","@id":"https:\/\/abeille-tarnetgaronnaise.fr\/Atg82_new\/#organization","name":"L'abeille tarn et garonnaise","url":"https:\/\/abeille-tarnetgaronnaise.fr\/Atg82_new\/","logo":{"@type":"ImageObject","inLanguage":"fr-FR","@id":"https:\/\/abeille-tarnetgaronnaise.fr\/Atg82_new\/#\/schema\/logo\/image\/","url":"https:\/\/abeille-tarnetgaronnaise.fr\/Atg82_new\/wp-content\/uploads\/2025\/02\/logo_ATG.jpg","contentUrl":"https:\/\/abeille-tarnetgaronnaise.fr\/Atg82_new\/wp-content\/uploads\/2025\/02\/logo_ATG.jpg","width":200,"height":100,"caption":"L'abeille tarn et garonnaise"},"image":{"@id":"https:\/\/abeille-tarnetgaronnaise.fr\/Atg82_new\/#\/schema\/logo\/image\/"}},{"@type":"Person","@id":"https:\/\/abeille-tarnetgaronnaise.fr\/Atg82_new\/#\/schema\/person\/d6b0c1435c55620ff733d1fbd035c769","name":"Atg2015","url":"https:\/\/abeille-tarnetgaronnaise.fr\/Atg82_new\/author\/atg2015\/"}]}},"_links":{"self":[{"href":"https:\/\/abeille-tarnetgaronnaise.fr\/Atg82_new\/wp-json\/wp\/v2\/posts\/639","targetHints":{"allow":["GET"]}}],"collection":[{"href":"https:\/\/abeille-tarnetgaronnaise.fr\/Atg82_new\/wp-json\/wp\/v2\/posts"}],"about":[{"href":"https:\/\/abeille-tarnetgaronnaise.fr\/Atg82_new\/wp-json\/wp\/v2\/types\/post"}],"author":[{"embeddable":true,"href":"https:\/\/abeille-tarnetgaronnaise.fr\/Atg82_new\/wp-json\/wp\/v2\/users\/2"}],"replies":[{"embeddable":true,"href":"https:\/\/abeille-tarnetgaronnaise.fr\/Atg82_new\/wp-json\/wp\/v2\/comments?post=639"}],"version-history":[{"count":0,"href":"https:\/\/abeille-tarnetgaronnaise.fr\/Atg82_new\/wp-json\/wp\/v2\/posts\/639\/revisions"}],"wp:featuredmedia":[{"embeddable":true,"href":"https:\/\/abeille-tarnetgaronnaise.fr\/Atg82_new\/wp-json\/wp\/v2\/media\/643"}],"wp:attachment":[{"href":"https:\/\/abeille-tarnetgaronnaise.fr\/Atg82_new\/wp-json\/wp\/v2\/media?parent=639"}],"wp:term":[{"taxonomy":"category","embeddable":true,"href":"https:\/\/abeille-tarnetgaronnaise.fr\/Atg82_new\/wp-json\/wp\/v2\/categories?post=639"},{"taxonomy":"post_tag","embeddable":true,"href":"https:\/\/abeille-tarnetgaronnaise.fr\/Atg82_new\/wp-json\/wp\/v2\/tags?post=639"}],"curies":[{"name":"wp","href":"https:\/\/api.w.org\/{rel}","templated":true}]}}