{"id":2178,"date":"2023-03-28T09:45:47","date_gmt":"2023-03-28T08:45:47","guid":{"rendered":"https:\/\/abeille-tarnetgaronnaise.fr\/Atg-V1\/?p=2178"},"modified":"2025-01-26T17:36:42","modified_gmt":"2025-01-26T16:36:42","slug":"unaf-idu-citeo","status":"publish","type":"post","link":"https:\/\/abeille-tarnetgaronnaise.fr\/Atg82_new\/unaf-idu-citeo\/","title":{"rendered":"UNAF : IDU \/ CITEO"},"content":{"rendered":"<p><a href=\"https:\/\/abeille-tarnetgaronnaise.fr\/Atg-V1\/wp-content\/uploads\/2019\/10\/image002.jpg\"><img decoding=\"async\" class=\"alignleft size-full wp-image-1724\" src=\"https:\/\/abeille-tarnetgaronnaise.fr\/Atg-V1\/wp-content\/uploads\/2019\/10\/image002.jpg\" alt=\"\" width=\"188\" height=\"221\" \/><\/a>Par courrier en date du 7 mars, L&rsquo;UNAF a fourni le <b>num\u00e9ro d\u2019identification unique<\/b> (IDU) de l\u2019UNAF. Pour rappel, ce num\u00e9ro, qui est une obligation l\u00e9gale<a href=\"mailbox:\/\/\/C:\/Users\/33662\/AppData\/Roaming\/Thunderbird\/Profiles\/zbhoa2f0.sophie\/Mail\/pop.orange.fr\/Inbox?number=279215#m_8773011569247338484_m_-889264505778190788__ftn1\" name=\"m_8773011569247338484_m_-889264505778190788__ftnref1\">[1]<\/a>, <b>permet d\u2019identifier que vous vous acquittez bien de la taxe \u00e9co emballage. Il doit figurer dans vos Conditions G\u00e9n\u00e9rales de Vente (CGU)\/d&rsquo;utilisation, mentions l\u00e9gales disponibles sur votre site internet et sur vos documents contractuels<\/b>.<\/p>\n<p>En principe, comme nous le pr\u00e9cisions dans notre pr\u00e9c\u00e9dent courrier, il existe une obligation de g\u00e9n\u00e9rer un IDU pour chacun des adh\u00e9rents de l\u2019UNAF. Toutefois, en raison de la complexit\u00e9 administrative que cela engendrait et apr\u00e8s discussion avec CITEO, <b>nous avons r\u00e9ussi \u00e0 obtenir une d\u00e9rogation \u00e0 cette obligation. <\/b><\/p>\n<p><b>Ainsi, le num\u00e9ro IDU de l\u2019UNAF qui avait vocation \u00e0 \u00eatre temporaire sera d\u00e9finitif. Les adh\u00e9rents pourront donc mentionner sur leur site internet \u00ab <i>adh\u00e9rent de l\u2019Union Nationale de l&rsquo;Apiculture Fran\u00e7aise \u2013 (SIRET : 32365820300043) titulaire de l\u2019identifiant unique FR209603_01TPJL<\/i> \u00bb. <\/b><\/p>\n<p><b><u>Attention<\/u><\/b><b>, <\/b>nous rappelons de nouveau que <b>seules <\/b><b>les personnes qui payent la taxe \u00e9co emballage dans le cadre du contrat collectif de l\u2019UNAF peuvent utiliser cet IDU<\/b>.<\/p>\n","protected":false},"excerpt":{"rendered":"<p>Par courrier en date du 7 mars, L&rsquo;UNAF a fourni le num\u00e9ro d\u2019identification unique (IDU) de l\u2019UNAF. Pour rappel, ce num\u00e9ro, qui est une obligation l\u00e9gale[1], permet d\u2019identifier que vous [&hellip;]<\/p>\n","protected":false},"author":2,"featured_media":2669,"comment_status":"closed","ping_status":"closed","sticky":false,"template":"elementor_header_footer","format":"standard","meta":{"footnotes":""},"categories":[8],"tags":[],"class_list":["post-2178","post","type-post","status-publish","format-standard","has-post-thumbnail","hentry","category-en-france"],"yoast_head":"<!-- This site is optimized with the Yoast SEO plugin v27.4 - https:\/\/yoast.com\/product\/yoast-seo-wordpress\/ -->\n<title>UNAF : IDU \/ CITEO - L&#039;abeille tarn et garonnaise<\/title>\n<meta name=\"robots\" content=\"index, follow, max-snippet:-1, max-image-preview:large, max-video-preview:-1\" \/>\n<link rel=\"canonical\" href=\"https:\/\/abeille-tarnetgaronnaise.fr\/Atg82_new\/unaf-idu-citeo\/\" \/>\n<meta property=\"og:locale\" content=\"fr_FR\" \/>\n<meta property=\"og:type\" content=\"article\" \/>\n<meta property=\"og:title\" content=\"UNAF : IDU \/ CITEO - L&#039;abeille tarn et garonnaise\" \/>\n<meta property=\"og:description\" content=\"Par courrier en date du 7 mars, L&rsquo;UNAF a fourni le num\u00e9ro d\u2019identification unique (IDU) de l\u2019UNAF. Pour rappel, ce num\u00e9ro, qui est une obligation l\u00e9gale[1], permet d\u2019identifier que vous [&hellip;]\" \/>\n<meta property=\"og:url\" content=\"https:\/\/abeille-tarnetgaronnaise.fr\/Atg82_new\/unaf-idu-citeo\/\" \/>\n<meta property=\"og:site_name\" content=\"L&#039;abeille tarn et garonnaise\" \/>\n<meta property=\"article:published_time\" content=\"2023-03-28T08:45:47+00:00\" \/>\n<meta property=\"article:modified_time\" content=\"2025-01-26T16:36:42+00:00\" \/>\n<meta property=\"og:image\" content=\"https:\/\/abeille-tarnetgaronnaise.fr\/Atg82_new\/wp-content\/uploads\/2024\/11\/Unaf_apiculture_logo.png\" \/>\n\t<meta property=\"og:image:width\" content=\"900\" \/>\n\t<meta property=\"og:image:height\" content=\"900\" \/>\n\t<meta property=\"og:image:type\" content=\"image\/png\" \/>\n<meta name=\"author\" content=\"Atg2015\" \/>\n<meta name=\"twitter:card\" content=\"summary_large_image\" \/>\n<meta name=\"twitter:label1\" content=\"\u00c9crit par\" \/>\n\t<meta name=\"twitter:data1\" content=\"Atg2015\" \/>\n\t<meta name=\"twitter:label2\" content=\"Dur\u00e9e de lecture estim\u00e9e\" \/>\n\t<meta name=\"twitter:data2\" content=\"1 minute\" \/>\n<script type=\"application\/ld+json\" class=\"yoast-schema-graph\">{\"@context\":\"https:\\\/\\\/schema.org\",\"@graph\":[{\"@type\":\"Article\",\"@id\":\"https:\\\/\\\/abeille-tarnetgaronnaise.fr\\\/Atg82_new\\\/unaf-idu-citeo\\\/#article\",\"isPartOf\":{\"@id\":\"https:\\\/\\\/abeille-tarnetgaronnaise.fr\\\/Atg82_new\\\/unaf-idu-citeo\\\/\"},\"author\":{\"name\":\"Atg2015\",\"@id\":\"https:\\\/\\\/abeille-tarnetgaronnaise.fr\\\/Atg82_new\\\/#\\\/schema\\\/person\\\/d6b0c1435c55620ff733d1fbd035c769\"},\"headline\":\"UNAF : IDU \\\/ CITEO\",\"datePublished\":\"2023-03-28T08:45:47+00:00\",\"dateModified\":\"2025-01-26T16:36:42+00:00\",\"mainEntityOfPage\":{\"@id\":\"https:\\\/\\\/abeille-tarnetgaronnaise.fr\\\/Atg82_new\\\/unaf-idu-citeo\\\/\"},\"wordCount\":204,\"publisher\":{\"@id\":\"https:\\\/\\\/abeille-tarnetgaronnaise.fr\\\/Atg82_new\\\/#organization\"},\"image\":{\"@id\":\"https:\\\/\\\/abeille-tarnetgaronnaise.fr\\\/Atg82_new\\\/unaf-idu-citeo\\\/#primaryimage\"},\"thumbnailUrl\":\"https:\\\/\\\/abeille-tarnetgaronnaise.fr\\\/Atg82_new\\\/wp-content\\\/uploads\\\/2024\\\/11\\\/Unaf_apiculture_logo.png\",\"articleSection\":[\"En France\"],\"inLanguage\":\"fr-FR\"},{\"@type\":\"WebPage\",\"@id\":\"https:\\\/\\\/abeille-tarnetgaronnaise.fr\\\/Atg82_new\\\/unaf-idu-citeo\\\/\",\"url\":\"https:\\\/\\\/abeille-tarnetgaronnaise.fr\\\/Atg82_new\\\/unaf-idu-citeo\\\/\",\"name\":\"UNAF : IDU \\\/ CITEO - L&#039;abeille tarn et garonnaise\",\"isPartOf\":{\"@id\":\"https:\\\/\\\/abeille-tarnetgaronnaise.fr\\\/Atg82_new\\\/#website\"},\"primaryImageOfPage\":{\"@id\":\"https:\\\/\\\/abeille-tarnetgaronnaise.fr\\\/Atg82_new\\\/unaf-idu-citeo\\\/#primaryimage\"},\"image\":{\"@id\":\"https:\\\/\\\/abeille-tarnetgaronnaise.fr\\\/Atg82_new\\\/unaf-idu-citeo\\\/#primaryimage\"},\"thumbnailUrl\":\"https:\\\/\\\/abeille-tarnetgaronnaise.fr\\\/Atg82_new\\\/wp-content\\\/uploads\\\/2024\\\/11\\\/Unaf_apiculture_logo.png\",\"datePublished\":\"2023-03-28T08:45:47+00:00\",\"dateModified\":\"2025-01-26T16:36:42+00:00\",\"breadcrumb\":{\"@id\":\"https:\\\/\\\/abeille-tarnetgaronnaise.fr\\\/Atg82_new\\\/unaf-idu-citeo\\\/#breadcrumb\"},\"inLanguage\":\"fr-FR\",\"potentialAction\":[{\"@type\":\"ReadAction\",\"target\":[\"https:\\\/\\\/abeille-tarnetgaronnaise.fr\\\/Atg82_new\\\/unaf-idu-citeo\\\/\"]}]},{\"@type\":\"ImageObject\",\"inLanguage\":\"fr-FR\",\"@id\":\"https:\\\/\\\/abeille-tarnetgaronnaise.fr\\\/Atg82_new\\\/unaf-idu-citeo\\\/#primaryimage\",\"url\":\"https:\\\/\\\/abeille-tarnetgaronnaise.fr\\\/Atg82_new\\\/wp-content\\\/uploads\\\/2024\\\/11\\\/Unaf_apiculture_logo.png\",\"contentUrl\":\"https:\\\/\\\/abeille-tarnetgaronnaise.fr\\\/Atg82_new\\\/wp-content\\\/uploads\\\/2024\\\/11\\\/Unaf_apiculture_logo.png\",\"width\":900,\"height\":900,\"caption\":\"logo UNAF\"},{\"@type\":\"BreadcrumbList\",\"@id\":\"https:\\\/\\\/abeille-tarnetgaronnaise.fr\\\/Atg82_new\\\/unaf-idu-citeo\\\/#breadcrumb\",\"itemListElement\":[{\"@type\":\"ListItem\",\"position\":1,\"name\":\"Accueil\",\"item\":\"https:\\\/\\\/abeille-tarnetgaronnaise.fr\\\/Atg82_new\\\/\"},{\"@type\":\"ListItem\",\"position\":2,\"name\":\"UNAF : IDU \\\/ CITEO\"}]},{\"@type\":\"WebSite\",\"@id\":\"https:\\\/\\\/abeille-tarnetgaronnaise.fr\\\/Atg82_new\\\/#website\",\"url\":\"https:\\\/\\\/abeille-tarnetgaronnaise.fr\\\/Atg82_new\\\/\",\"name\":\"L'Abeille Tarn et Garonnaise\",\"description\":\"Ensemble, prot\u00e9geons les abeilles !\",\"publisher\":{\"@id\":\"https:\\\/\\\/abeille-tarnetgaronnaise.fr\\\/Atg82_new\\\/#organization\"},\"potentialAction\":[{\"@type\":\"SearchAction\",\"target\":{\"@type\":\"EntryPoint\",\"urlTemplate\":\"https:\\\/\\\/abeille-tarnetgaronnaise.fr\\\/Atg82_new\\\/?s={search_term_string}\"},\"query-input\":{\"@type\":\"PropertyValueSpecification\",\"valueRequired\":true,\"valueName\":\"search_term_string\"}}],\"inLanguage\":\"fr-FR\"},{\"@type\":\"Organization\",\"@id\":\"https:\\\/\\\/abeille-tarnetgaronnaise.fr\\\/Atg82_new\\\/#organization\",\"name\":\"L'abeille tarn et garonnaise\",\"url\":\"https:\\\/\\\/abeille-tarnetgaronnaise.fr\\\/Atg82_new\\\/\",\"logo\":{\"@type\":\"ImageObject\",\"inLanguage\":\"fr-FR\",\"@id\":\"https:\\\/\\\/abeille-tarnetgaronnaise.fr\\\/Atg82_new\\\/#\\\/schema\\\/logo\\\/image\\\/\",\"url\":\"https:\\\/\\\/abeille-tarnetgaronnaise.fr\\\/Atg82_new\\\/wp-content\\\/uploads\\\/2025\\\/02\\\/logo_ATG.jpg\",\"contentUrl\":\"https:\\\/\\\/abeille-tarnetgaronnaise.fr\\\/Atg82_new\\\/wp-content\\\/uploads\\\/2025\\\/02\\\/logo_ATG.jpg\",\"width\":200,\"height\":100,\"caption\":\"L'abeille tarn et garonnaise\"},\"image\":{\"@id\":\"https:\\\/\\\/abeille-tarnetgaronnaise.fr\\\/Atg82_new\\\/#\\\/schema\\\/logo\\\/image\\\/\"}},{\"@type\":\"Person\",\"@id\":\"https:\\\/\\\/abeille-tarnetgaronnaise.fr\\\/Atg82_new\\\/#\\\/schema\\\/person\\\/d6b0c1435c55620ff733d1fbd035c769\",\"name\":\"Atg2015\",\"url\":\"https:\\\/\\\/abeille-tarnetgaronnaise.fr\\\/Atg82_new\\\/author\\\/atg2015\\\/\"}]}<\/script>\n<!-- \/ Yoast SEO plugin. -->","yoast_head_json":{"title":"UNAF : IDU \/ CITEO - L&#039;abeille tarn et garonnaise","robots":{"index":"index","follow":"follow","max-snippet":"max-snippet:-1","max-image-preview":"max-image-preview:large","max-video-preview":"max-video-preview:-1"},"canonical":"https:\/\/abeille-tarnetgaronnaise.fr\/Atg82_new\/unaf-idu-citeo\/","og_locale":"fr_FR","og_type":"article","og_title":"UNAF : IDU \/ CITEO - L&#039;abeille tarn et garonnaise","og_description":"Par courrier en date du 7 mars, L&rsquo;UNAF a fourni le num\u00e9ro d\u2019identification unique (IDU) de l\u2019UNAF. Pour rappel, ce num\u00e9ro, qui est une obligation l\u00e9gale[1], permet d\u2019identifier que vous [&hellip;]","og_url":"https:\/\/abeille-tarnetgaronnaise.fr\/Atg82_new\/unaf-idu-citeo\/","og_site_name":"L&#039;abeille tarn et garonnaise","article_published_time":"2023-03-28T08:45:47+00:00","article_modified_time":"2025-01-26T16:36:42+00:00","og_image":[{"width":900,"height":900,"url":"https:\/\/abeille-tarnetgaronnaise.fr\/Atg82_new\/wp-content\/uploads\/2024\/11\/Unaf_apiculture_logo.png","type":"image\/png"}],"author":"Atg2015","twitter_card":"summary_large_image","twitter_misc":{"\u00c9crit par":"Atg2015","Dur\u00e9e de lecture estim\u00e9e":"1 minute"},"schema":{"@context":"https:\/\/schema.org","@graph":[{"@type":"Article","@id":"https:\/\/abeille-tarnetgaronnaise.fr\/Atg82_new\/unaf-idu-citeo\/#article","isPartOf":{"@id":"https:\/\/abeille-tarnetgaronnaise.fr\/Atg82_new\/unaf-idu-citeo\/"},"author":{"name":"Atg2015","@id":"https:\/\/abeille-tarnetgaronnaise.fr\/Atg82_new\/#\/schema\/person\/d6b0c1435c55620ff733d1fbd035c769"},"headline":"UNAF : IDU \/ CITEO","datePublished":"2023-03-28T08:45:47+00:00","dateModified":"2025-01-26T16:36:42+00:00","mainEntityOfPage":{"@id":"https:\/\/abeille-tarnetgaronnaise.fr\/Atg82_new\/unaf-idu-citeo\/"},"wordCount":204,"publisher":{"@id":"https:\/\/abeille-tarnetgaronnaise.fr\/Atg82_new\/#organization"},"image":{"@id":"https:\/\/abeille-tarnetgaronnaise.fr\/Atg82_new\/unaf-idu-citeo\/#primaryimage"},"thumbnailUrl":"https:\/\/abeille-tarnetgaronnaise.fr\/Atg82_new\/wp-content\/uploads\/2024\/11\/Unaf_apiculture_logo.png","articleSection":["En France"],"inLanguage":"fr-FR"},{"@type":"WebPage","@id":"https:\/\/abeille-tarnetgaronnaise.fr\/Atg82_new\/unaf-idu-citeo\/","url":"https:\/\/abeille-tarnetgaronnaise.fr\/Atg82_new\/unaf-idu-citeo\/","name":"UNAF : IDU \/ CITEO - L&#039;abeille tarn et garonnaise","isPartOf":{"@id":"https:\/\/abeille-tarnetgaronnaise.fr\/Atg82_new\/#website"},"primaryImageOfPage":{"@id":"https:\/\/abeille-tarnetgaronnaise.fr\/Atg82_new\/unaf-idu-citeo\/#primaryimage"},"image":{"@id":"https:\/\/abeille-tarnetgaronnaise.fr\/Atg82_new\/unaf-idu-citeo\/#primaryimage"},"thumbnailUrl":"https:\/\/abeille-tarnetgaronnaise.fr\/Atg82_new\/wp-content\/uploads\/2024\/11\/Unaf_apiculture_logo.png","datePublished":"2023-03-28T08:45:47+00:00","dateModified":"2025-01-26T16:36:42+00:00","breadcrumb":{"@id":"https:\/\/abeille-tarnetgaronnaise.fr\/Atg82_new\/unaf-idu-citeo\/#breadcrumb"},"inLanguage":"fr-FR","potentialAction":[{"@type":"ReadAction","target":["https:\/\/abeille-tarnetgaronnaise.fr\/Atg82_new\/unaf-idu-citeo\/"]}]},{"@type":"ImageObject","inLanguage":"fr-FR","@id":"https:\/\/abeille-tarnetgaronnaise.fr\/Atg82_new\/unaf-idu-citeo\/#primaryimage","url":"https:\/\/abeille-tarnetgaronnaise.fr\/Atg82_new\/wp-content\/uploads\/2024\/11\/Unaf_apiculture_logo.png","contentUrl":"https:\/\/abeille-tarnetgaronnaise.fr\/Atg82_new\/wp-content\/uploads\/2024\/11\/Unaf_apiculture_logo.png","width":900,"height":900,"caption":"logo UNAF"},{"@type":"BreadcrumbList","@id":"https:\/\/abeille-tarnetgaronnaise.fr\/Atg82_new\/unaf-idu-citeo\/#breadcrumb","itemListElement":[{"@type":"ListItem","position":1,"name":"Accueil","item":"https:\/\/abeille-tarnetgaronnaise.fr\/Atg82_new\/"},{"@type":"ListItem","position":2,"name":"UNAF : IDU \/ CITEO"}]},{"@type":"WebSite","@id":"https:\/\/abeille-tarnetgaronnaise.fr\/Atg82_new\/#website","url":"https:\/\/abeille-tarnetgaronnaise.fr\/Atg82_new\/","name":"L'Abeille Tarn et Garonnaise","description":"Ensemble, prot\u00e9geons les abeilles !","publisher":{"@id":"https:\/\/abeille-tarnetgaronnaise.fr\/Atg82_new\/#organization"},"potentialAction":[{"@type":"SearchAction","target":{"@type":"EntryPoint","urlTemplate":"https:\/\/abeille-tarnetgaronnaise.fr\/Atg82_new\/?s={search_term_string}"},"query-input":{"@type":"PropertyValueSpecification","valueRequired":true,"valueName":"search_term_string"}}],"inLanguage":"fr-FR"},{"@type":"Organization","@id":"https:\/\/abeille-tarnetgaronnaise.fr\/Atg82_new\/#organization","name":"L'abeille tarn et garonnaise","url":"https:\/\/abeille-tarnetgaronnaise.fr\/Atg82_new\/","logo":{"@type":"ImageObject","inLanguage":"fr-FR","@id":"https:\/\/abeille-tarnetgaronnaise.fr\/Atg82_new\/#\/schema\/logo\/image\/","url":"https:\/\/abeille-tarnetgaronnaise.fr\/Atg82_new\/wp-content\/uploads\/2025\/02\/logo_ATG.jpg","contentUrl":"https:\/\/abeille-tarnetgaronnaise.fr\/Atg82_new\/wp-content\/uploads\/2025\/02\/logo_ATG.jpg","width":200,"height":100,"caption":"L'abeille tarn et garonnaise"},"image":{"@id":"https:\/\/abeille-tarnetgaronnaise.fr\/Atg82_new\/#\/schema\/logo\/image\/"}},{"@type":"Person","@id":"https:\/\/abeille-tarnetgaronnaise.fr\/Atg82_new\/#\/schema\/person\/d6b0c1435c55620ff733d1fbd035c769","name":"Atg2015","url":"https:\/\/abeille-tarnetgaronnaise.fr\/Atg82_new\/author\/atg2015\/"}]}},"_links":{"self":[{"href":"https:\/\/abeille-tarnetgaronnaise.fr\/Atg82_new\/wp-json\/wp\/v2\/posts\/2178","targetHints":{"allow":["GET"]}}],"collection":[{"href":"https:\/\/abeille-tarnetgaronnaise.fr\/Atg82_new\/wp-json\/wp\/v2\/posts"}],"about":[{"href":"https:\/\/abeille-tarnetgaronnaise.fr\/Atg82_new\/wp-json\/wp\/v2\/types\/post"}],"author":[{"embeddable":true,"href":"https:\/\/abeille-tarnetgaronnaise.fr\/Atg82_new\/wp-json\/wp\/v2\/users\/2"}],"replies":[{"embeddable":true,"href":"https:\/\/abeille-tarnetgaronnaise.fr\/Atg82_new\/wp-json\/wp\/v2\/comments?post=2178"}],"version-history":[{"count":1,"href":"https:\/\/abeille-tarnetgaronnaise.fr\/Atg82_new\/wp-json\/wp\/v2\/posts\/2178\/revisions"}],"predecessor-version":[{"id":5013,"href":"https:\/\/abeille-tarnetgaronnaise.fr\/Atg82_new\/wp-json\/wp\/v2\/posts\/2178\/revisions\/5013"}],"wp:featuredmedia":[{"embeddable":true,"href":"https:\/\/abeille-tarnetgaronnaise.fr\/Atg82_new\/wp-json\/wp\/v2\/media\/2669"}],"wp:attachment":[{"href":"https:\/\/abeille-tarnetgaronnaise.fr\/Atg82_new\/wp-json\/wp\/v2\/media?parent=2178"}],"wp:term":[{"taxonomy":"category","embeddable":true,"href":"https:\/\/abeille-tarnetgaronnaise.fr\/Atg82_new\/wp-json\/wp\/v2\/categories?post=2178"},{"taxonomy":"post_tag","embeddable":true,"href":"https:\/\/abeille-tarnetgaronnaise.fr\/Atg82_new\/wp-json\/wp\/v2\/tags?post=2178"}],"curies":[{"name":"wp","href":"https:\/\/api.w.org\/{rel}","templated":true}]}}