{"id":2150,"date":"2023-02-17T09:13:17","date_gmt":"2023-02-17T08:13:17","guid":{"rendered":"https:\/\/abeille-tarnetgaronnaise.fr\/Atg-V1\/?p=2150"},"modified":"2023-02-17T09:13:17","modified_gmt":"2023-02-17T08:13:17","slug":"les-rdv-du-sanitaire-apicole-en-occitanie","status":"publish","type":"post","link":"https:\/\/abeille-tarnetgaronnaise.fr\/Atg82_new\/les-rdv-du-sanitaire-apicole-en-occitanie\/","title":{"rendered":"Les RDV du sanitaire apicole en Occitanie"},"content":{"rendered":"<p><a href=\"https:\/\/abeille-tarnetgaronnaise.fr\/Atg-V1\/wp-content\/uploads\/2023\/02\/4F952C72-C18B-45FD-A948-E9CD8158D1F2.jpeg\"><img fetchpriority=\"high\" decoding=\"async\" class=\"alignright wp-image-2152 size-medium\" src=\"https:\/\/abeille-tarnetgaronnaise.fr\/Atg-V1\/wp-content\/uploads\/2023\/02\/4F952C72-C18B-45FD-A948-E9CD8158D1F2-212x300.jpeg\" alt=\"\" width=\"212\" height=\"300\" \/><\/a>La section apicole de la FRGDS Occitanie et ses 2 partenaires : la section apicole du GTV Occitanie et l\u2019ADA Occitanie, vous proposent 4 rendez-vous sanitaires, d\u2019une heure et demie chacun (horaire : 8h30 \u00e0 10h00) comprenant 1 heure de pr\u00e9sentation suivie de 30 minutes d\u2019\u00e9changes et de questions-r\u00e9ponses (pour le d\u00e9tail voir flyer en PJ).<\/p>\n<p><strong>Jeudi 5 mai 2022 &#8211; Comptage des varroas :<\/strong> Pour une pratique et une interpr\u00e9tation des r\u00e9sultats fiables. Intervenants: Anthony BOU\u00c9TARD (ADA Occitanie), Dr Karine SAGET (GTV Occitanie-Section apicole)<\/p>\n<p><strong>Vendredi 3 juin 2022 &#8211; L&rsquo;application en ligne VarroaApli pour une meilleure gestion de ses comptages Varroa. Intervenant :<\/strong> Alexandre DANGL\u00c9ANT (ITSAP)<\/p>\n<p><strong>Vendredi 9 septembre 2022 &#8211; Bien pr\u00e9parer ses colonies \u00e0 l&rsquo;hiver. Intervenant :<\/strong> Jean-Luc DELON (formateur en apiculture \u2013 Pr\u00e9sident GDSA 34)<\/p>\n<p><strong>Vendredi 14 octobre 2022 &#8211; La maladie noire des abeilles : signes cliniques et pr\u00e9vention. Intervenante:<\/strong> Anne DALMON (chercheuse en pathologie de l\u2019abeille \u2013 INRAE, UMT PrADE)<\/p>\n<p>Merci de vous inscrire aux visioconf\u00e9rences sur ce lien : <a href=\"https:\/\/framaforms.org\/inscription-aux-rendez-vous-du-sanitaire-apicole-en-occitanie-1649317118\" target=\"_blank\" rel=\"noopener\">Inscription-aux-rendez-vous-du-sanitaire-apicole-en-occitanie<\/a><\/p>\n<p>Un lien de visioconf\u00e9rence vous sera alors transmis dans la semaine qui pr\u00e9c\u00e8de la visioconf\u00e9rence et au plus tard l\u2019avant-veille de la visioconf\u00e9rence.<\/p>\n<p>Pour toutes questions : irene.demont.frgds-oc@reseaugds.com<\/p>\n","protected":false},"excerpt":{"rendered":"<p>La section apicole de la FRGDS Occitanie et ses 2 partenaires : la section apicole du GTV Occitanie et l\u2019ADA Occitanie, vous proposent 4 rendez-vous sanitaires, d\u2019une heure et demie [&hellip;]<\/p>\n","protected":false},"author":2,"featured_media":2152,"comment_status":"closed","ping_status":"closed","sticky":false,"template":"","format":"standard","meta":{"footnotes":""},"categories":[8],"tags":[],"class_list":["post-2150","post","type-post","status-publish","format-standard","has-post-thumbnail","hentry","category-en-france"],"yoast_head":"<!-- This site is optimized with the Yoast SEO plugin v27.4 - https:\/\/yoast.com\/product\/yoast-seo-wordpress\/ -->\n<title>Les RDV du sanitaire apicole en Occitanie - L&#039;abeille tarn et garonnaise<\/title>\n<meta name=\"robots\" content=\"index, follow, max-snippet:-1, max-image-preview:large, max-video-preview:-1\" \/>\n<link rel=\"canonical\" href=\"https:\/\/abeille-tarnetgaronnaise.fr\/Atg82_new\/les-rdv-du-sanitaire-apicole-en-occitanie\/\" \/>\n<meta property=\"og:locale\" content=\"fr_FR\" \/>\n<meta property=\"og:type\" content=\"article\" \/>\n<meta property=\"og:title\" content=\"Les RDV du sanitaire apicole en Occitanie - L&#039;abeille tarn et garonnaise\" \/>\n<meta property=\"og:description\" content=\"La section apicole de la FRGDS Occitanie et ses 2 partenaires : la section apicole du GTV Occitanie et l\u2019ADA Occitanie, vous proposent 4 rendez-vous sanitaires, d\u2019une heure et demie [&hellip;]\" \/>\n<meta property=\"og:url\" content=\"https:\/\/abeille-tarnetgaronnaise.fr\/Atg82_new\/les-rdv-du-sanitaire-apicole-en-occitanie\/\" \/>\n<meta property=\"og:site_name\" content=\"L&#039;abeille tarn et garonnaise\" \/>\n<meta property=\"article:published_time\" content=\"2023-02-17T08:13:17+00:00\" \/>\n<meta name=\"author\" content=\"Atg2015\" \/>\n<meta name=\"twitter:card\" content=\"summary_large_image\" \/>\n<meta name=\"twitter:label1\" content=\"\u00c9crit par\" \/>\n\t<meta name=\"twitter:data1\" content=\"Atg2015\" \/>\n\t<meta name=\"twitter:label2\" content=\"Dur\u00e9e de lecture estim\u00e9e\" \/>\n\t<meta name=\"twitter:data2\" content=\"1 minute\" \/>\n<script type=\"application\/ld+json\" class=\"yoast-schema-graph\">{\"@context\":\"https:\\\/\\\/schema.org\",\"@graph\":[{\"@type\":\"Article\",\"@id\":\"https:\\\/\\\/abeille-tarnetgaronnaise.fr\\\/Atg82_new\\\/les-rdv-du-sanitaire-apicole-en-occitanie\\\/#article\",\"isPartOf\":{\"@id\":\"https:\\\/\\\/abeille-tarnetgaronnaise.fr\\\/Atg82_new\\\/les-rdv-du-sanitaire-apicole-en-occitanie\\\/\"},\"author\":{\"name\":\"Atg2015\",\"@id\":\"https:\\\/\\\/abeille-tarnetgaronnaise.fr\\\/Atg82_new\\\/#\\\/schema\\\/person\\\/d6b0c1435c55620ff733d1fbd035c769\"},\"headline\":\"Les RDV du sanitaire apicole en Occitanie\",\"datePublished\":\"2023-02-17T08:13:17+00:00\",\"mainEntityOfPage\":{\"@id\":\"https:\\\/\\\/abeille-tarnetgaronnaise.fr\\\/Atg82_new\\\/les-rdv-du-sanitaire-apicole-en-occitanie\\\/\"},\"wordCount\":204,\"publisher\":{\"@id\":\"https:\\\/\\\/abeille-tarnetgaronnaise.fr\\\/Atg82_new\\\/#organization\"},\"image\":{\"@id\":\"https:\\\/\\\/abeille-tarnetgaronnaise.fr\\\/Atg82_new\\\/les-rdv-du-sanitaire-apicole-en-occitanie\\\/#primaryimage\"},\"thumbnailUrl\":\"\",\"articleSection\":[\"En France\"],\"inLanguage\":\"fr-FR\"},{\"@type\":\"WebPage\",\"@id\":\"https:\\\/\\\/abeille-tarnetgaronnaise.fr\\\/Atg82_new\\\/les-rdv-du-sanitaire-apicole-en-occitanie\\\/\",\"url\":\"https:\\\/\\\/abeille-tarnetgaronnaise.fr\\\/Atg82_new\\\/les-rdv-du-sanitaire-apicole-en-occitanie\\\/\",\"name\":\"Les RDV du sanitaire apicole en Occitanie - L&#039;abeille tarn et garonnaise\",\"isPartOf\":{\"@id\":\"https:\\\/\\\/abeille-tarnetgaronnaise.fr\\\/Atg82_new\\\/#website\"},\"primaryImageOfPage\":{\"@id\":\"https:\\\/\\\/abeille-tarnetgaronnaise.fr\\\/Atg82_new\\\/les-rdv-du-sanitaire-apicole-en-occitanie\\\/#primaryimage\"},\"image\":{\"@id\":\"https:\\\/\\\/abeille-tarnetgaronnaise.fr\\\/Atg82_new\\\/les-rdv-du-sanitaire-apicole-en-occitanie\\\/#primaryimage\"},\"thumbnailUrl\":\"\",\"datePublished\":\"2023-02-17T08:13:17+00:00\",\"breadcrumb\":{\"@id\":\"https:\\\/\\\/abeille-tarnetgaronnaise.fr\\\/Atg82_new\\\/les-rdv-du-sanitaire-apicole-en-occitanie\\\/#breadcrumb\"},\"inLanguage\":\"fr-FR\",\"potentialAction\":[{\"@type\":\"ReadAction\",\"target\":[\"https:\\\/\\\/abeille-tarnetgaronnaise.fr\\\/Atg82_new\\\/les-rdv-du-sanitaire-apicole-en-occitanie\\\/\"]}]},{\"@type\":\"ImageObject\",\"inLanguage\":\"fr-FR\",\"@id\":\"https:\\\/\\\/abeille-tarnetgaronnaise.fr\\\/Atg82_new\\\/les-rdv-du-sanitaire-apicole-en-occitanie\\\/#primaryimage\",\"url\":\"\",\"contentUrl\":\"\"},{\"@type\":\"BreadcrumbList\",\"@id\":\"https:\\\/\\\/abeille-tarnetgaronnaise.fr\\\/Atg82_new\\\/les-rdv-du-sanitaire-apicole-en-occitanie\\\/#breadcrumb\",\"itemListElement\":[{\"@type\":\"ListItem\",\"position\":1,\"name\":\"Accueil\",\"item\":\"https:\\\/\\\/abeille-tarnetgaronnaise.fr\\\/Atg82_new\\\/\"},{\"@type\":\"ListItem\",\"position\":2,\"name\":\"Les RDV du sanitaire apicole en Occitanie\"}]},{\"@type\":\"WebSite\",\"@id\":\"https:\\\/\\\/abeille-tarnetgaronnaise.fr\\\/Atg82_new\\\/#website\",\"url\":\"https:\\\/\\\/abeille-tarnetgaronnaise.fr\\\/Atg82_new\\\/\",\"name\":\"L'Abeille Tarn et Garonnaise\",\"description\":\"Ensemble, prot\u00e9geons les abeilles !\",\"publisher\":{\"@id\":\"https:\\\/\\\/abeille-tarnetgaronnaise.fr\\\/Atg82_new\\\/#organization\"},\"potentialAction\":[{\"@type\":\"SearchAction\",\"target\":{\"@type\":\"EntryPoint\",\"urlTemplate\":\"https:\\\/\\\/abeille-tarnetgaronnaise.fr\\\/Atg82_new\\\/?s={search_term_string}\"},\"query-input\":{\"@type\":\"PropertyValueSpecification\",\"valueRequired\":true,\"valueName\":\"search_term_string\"}}],\"inLanguage\":\"fr-FR\"},{\"@type\":\"Organization\",\"@id\":\"https:\\\/\\\/abeille-tarnetgaronnaise.fr\\\/Atg82_new\\\/#organization\",\"name\":\"L'abeille tarn et garonnaise\",\"url\":\"https:\\\/\\\/abeille-tarnetgaronnaise.fr\\\/Atg82_new\\\/\",\"logo\":{\"@type\":\"ImageObject\",\"inLanguage\":\"fr-FR\",\"@id\":\"https:\\\/\\\/abeille-tarnetgaronnaise.fr\\\/Atg82_new\\\/#\\\/schema\\\/logo\\\/image\\\/\",\"url\":\"https:\\\/\\\/abeille-tarnetgaronnaise.fr\\\/Atg82_new\\\/wp-content\\\/uploads\\\/2025\\\/02\\\/logo_ATG.jpg\",\"contentUrl\":\"https:\\\/\\\/abeille-tarnetgaronnaise.fr\\\/Atg82_new\\\/wp-content\\\/uploads\\\/2025\\\/02\\\/logo_ATG.jpg\",\"width\":200,\"height\":100,\"caption\":\"L'abeille tarn et garonnaise\"},\"image\":{\"@id\":\"https:\\\/\\\/abeille-tarnetgaronnaise.fr\\\/Atg82_new\\\/#\\\/schema\\\/logo\\\/image\\\/\"}},{\"@type\":\"Person\",\"@id\":\"https:\\\/\\\/abeille-tarnetgaronnaise.fr\\\/Atg82_new\\\/#\\\/schema\\\/person\\\/d6b0c1435c55620ff733d1fbd035c769\",\"name\":\"Atg2015\",\"url\":\"https:\\\/\\\/abeille-tarnetgaronnaise.fr\\\/Atg82_new\\\/author\\\/atg2015\\\/\"}]}<\/script>\n<!-- \/ Yoast SEO plugin. -->","yoast_head_json":{"title":"Les RDV du sanitaire apicole en Occitanie - L&#039;abeille tarn et garonnaise","robots":{"index":"index","follow":"follow","max-snippet":"max-snippet:-1","max-image-preview":"max-image-preview:large","max-video-preview":"max-video-preview:-1"},"canonical":"https:\/\/abeille-tarnetgaronnaise.fr\/Atg82_new\/les-rdv-du-sanitaire-apicole-en-occitanie\/","og_locale":"fr_FR","og_type":"article","og_title":"Les RDV du sanitaire apicole en Occitanie - L&#039;abeille tarn et garonnaise","og_description":"La section apicole de la FRGDS Occitanie et ses 2 partenaires : la section apicole du GTV Occitanie et l\u2019ADA Occitanie, vous proposent 4 rendez-vous sanitaires, d\u2019une heure et demie [&hellip;]","og_url":"https:\/\/abeille-tarnetgaronnaise.fr\/Atg82_new\/les-rdv-du-sanitaire-apicole-en-occitanie\/","og_site_name":"L&#039;abeille tarn et garonnaise","article_published_time":"2023-02-17T08:13:17+00:00","author":"Atg2015","twitter_card":"summary_large_image","twitter_misc":{"\u00c9crit par":"Atg2015","Dur\u00e9e de lecture estim\u00e9e":"1 minute"},"schema":{"@context":"https:\/\/schema.org","@graph":[{"@type":"Article","@id":"https:\/\/abeille-tarnetgaronnaise.fr\/Atg82_new\/les-rdv-du-sanitaire-apicole-en-occitanie\/#article","isPartOf":{"@id":"https:\/\/abeille-tarnetgaronnaise.fr\/Atg82_new\/les-rdv-du-sanitaire-apicole-en-occitanie\/"},"author":{"name":"Atg2015","@id":"https:\/\/abeille-tarnetgaronnaise.fr\/Atg82_new\/#\/schema\/person\/d6b0c1435c55620ff733d1fbd035c769"},"headline":"Les RDV du sanitaire apicole en Occitanie","datePublished":"2023-02-17T08:13:17+00:00","mainEntityOfPage":{"@id":"https:\/\/abeille-tarnetgaronnaise.fr\/Atg82_new\/les-rdv-du-sanitaire-apicole-en-occitanie\/"},"wordCount":204,"publisher":{"@id":"https:\/\/abeille-tarnetgaronnaise.fr\/Atg82_new\/#organization"},"image":{"@id":"https:\/\/abeille-tarnetgaronnaise.fr\/Atg82_new\/les-rdv-du-sanitaire-apicole-en-occitanie\/#primaryimage"},"thumbnailUrl":"","articleSection":["En France"],"inLanguage":"fr-FR"},{"@type":"WebPage","@id":"https:\/\/abeille-tarnetgaronnaise.fr\/Atg82_new\/les-rdv-du-sanitaire-apicole-en-occitanie\/","url":"https:\/\/abeille-tarnetgaronnaise.fr\/Atg82_new\/les-rdv-du-sanitaire-apicole-en-occitanie\/","name":"Les RDV du sanitaire apicole en Occitanie - L&#039;abeille tarn et garonnaise","isPartOf":{"@id":"https:\/\/abeille-tarnetgaronnaise.fr\/Atg82_new\/#website"},"primaryImageOfPage":{"@id":"https:\/\/abeille-tarnetgaronnaise.fr\/Atg82_new\/les-rdv-du-sanitaire-apicole-en-occitanie\/#primaryimage"},"image":{"@id":"https:\/\/abeille-tarnetgaronnaise.fr\/Atg82_new\/les-rdv-du-sanitaire-apicole-en-occitanie\/#primaryimage"},"thumbnailUrl":"","datePublished":"2023-02-17T08:13:17+00:00","breadcrumb":{"@id":"https:\/\/abeille-tarnetgaronnaise.fr\/Atg82_new\/les-rdv-du-sanitaire-apicole-en-occitanie\/#breadcrumb"},"inLanguage":"fr-FR","potentialAction":[{"@type":"ReadAction","target":["https:\/\/abeille-tarnetgaronnaise.fr\/Atg82_new\/les-rdv-du-sanitaire-apicole-en-occitanie\/"]}]},{"@type":"ImageObject","inLanguage":"fr-FR","@id":"https:\/\/abeille-tarnetgaronnaise.fr\/Atg82_new\/les-rdv-du-sanitaire-apicole-en-occitanie\/#primaryimage","url":"","contentUrl":""},{"@type":"BreadcrumbList","@id":"https:\/\/abeille-tarnetgaronnaise.fr\/Atg82_new\/les-rdv-du-sanitaire-apicole-en-occitanie\/#breadcrumb","itemListElement":[{"@type":"ListItem","position":1,"name":"Accueil","item":"https:\/\/abeille-tarnetgaronnaise.fr\/Atg82_new\/"},{"@type":"ListItem","position":2,"name":"Les RDV du sanitaire apicole en Occitanie"}]},{"@type":"WebSite","@id":"https:\/\/abeille-tarnetgaronnaise.fr\/Atg82_new\/#website","url":"https:\/\/abeille-tarnetgaronnaise.fr\/Atg82_new\/","name":"L'Abeille Tarn et Garonnaise","description":"Ensemble, prot\u00e9geons les abeilles !","publisher":{"@id":"https:\/\/abeille-tarnetgaronnaise.fr\/Atg82_new\/#organization"},"potentialAction":[{"@type":"SearchAction","target":{"@type":"EntryPoint","urlTemplate":"https:\/\/abeille-tarnetgaronnaise.fr\/Atg82_new\/?s={search_term_string}"},"query-input":{"@type":"PropertyValueSpecification","valueRequired":true,"valueName":"search_term_string"}}],"inLanguage":"fr-FR"},{"@type":"Organization","@id":"https:\/\/abeille-tarnetgaronnaise.fr\/Atg82_new\/#organization","name":"L'abeille tarn et garonnaise","url":"https:\/\/abeille-tarnetgaronnaise.fr\/Atg82_new\/","logo":{"@type":"ImageObject","inLanguage":"fr-FR","@id":"https:\/\/abeille-tarnetgaronnaise.fr\/Atg82_new\/#\/schema\/logo\/image\/","url":"https:\/\/abeille-tarnetgaronnaise.fr\/Atg82_new\/wp-content\/uploads\/2025\/02\/logo_ATG.jpg","contentUrl":"https:\/\/abeille-tarnetgaronnaise.fr\/Atg82_new\/wp-content\/uploads\/2025\/02\/logo_ATG.jpg","width":200,"height":100,"caption":"L'abeille tarn et garonnaise"},"image":{"@id":"https:\/\/abeille-tarnetgaronnaise.fr\/Atg82_new\/#\/schema\/logo\/image\/"}},{"@type":"Person","@id":"https:\/\/abeille-tarnetgaronnaise.fr\/Atg82_new\/#\/schema\/person\/d6b0c1435c55620ff733d1fbd035c769","name":"Atg2015","url":"https:\/\/abeille-tarnetgaronnaise.fr\/Atg82_new\/author\/atg2015\/"}]}},"_links":{"self":[{"href":"https:\/\/abeille-tarnetgaronnaise.fr\/Atg82_new\/wp-json\/wp\/v2\/posts\/2150","targetHints":{"allow":["GET"]}}],"collection":[{"href":"https:\/\/abeille-tarnetgaronnaise.fr\/Atg82_new\/wp-json\/wp\/v2\/posts"}],"about":[{"href":"https:\/\/abeille-tarnetgaronnaise.fr\/Atg82_new\/wp-json\/wp\/v2\/types\/post"}],"author":[{"embeddable":true,"href":"https:\/\/abeille-tarnetgaronnaise.fr\/Atg82_new\/wp-json\/wp\/v2\/users\/2"}],"replies":[{"embeddable":true,"href":"https:\/\/abeille-tarnetgaronnaise.fr\/Atg82_new\/wp-json\/wp\/v2\/comments?post=2150"}],"version-history":[{"count":0,"href":"https:\/\/abeille-tarnetgaronnaise.fr\/Atg82_new\/wp-json\/wp\/v2\/posts\/2150\/revisions"}],"wp:featuredmedia":[{"embeddable":true,"href":"https:\/\/abeille-tarnetgaronnaise.fr\/Atg82_new\/wp-json\/"}],"wp:attachment":[{"href":"https:\/\/abeille-tarnetgaronnaise.fr\/Atg82_new\/wp-json\/wp\/v2\/media?parent=2150"}],"wp:term":[{"taxonomy":"category","embeddable":true,"href":"https:\/\/abeille-tarnetgaronnaise.fr\/Atg82_new\/wp-json\/wp\/v2\/categories?post=2150"},{"taxonomy":"post_tag","embeddable":true,"href":"https:\/\/abeille-tarnetgaronnaise.fr\/Atg82_new\/wp-json\/wp\/v2\/tags?post=2150"}],"curies":[{"name":"wp","href":"https:\/\/api.w.org\/{rel}","templated":true}]}}