{"id":1174,"date":"2018-02-16T14:03:30","date_gmt":"2018-02-16T13:03:30","guid":{"rendered":"http:\/\/abeille-tarnetgaronnaise.fr\/Atg-V1\/?p=1174"},"modified":"2018-02-16T14:03:30","modified_gmt":"2018-02-16T13:03:30","slug":"ag-2018-a-caussade","status":"publish","type":"post","link":"https:\/\/abeille-tarnetgaronnaise.fr\/Atg82_new\/ag-2018-a-caussade\/","title":{"rendered":"AG 2018 \u00e0 Caussade"},"content":{"rendered":"<p><span style=\"font-family: Verdana, sans-serif;\"><a href=\"http:\/\/abeille-tarnetgaronnaise.fr\/Atg-V1\/wp-content\/uploads\/2018\/02\/P1010231.jpg\"><img fetchpriority=\"high\" decoding=\"async\" class=\"size-medium wp-image-1175 alignleft\" src=\"http:\/\/abeille-tarnetgaronnaise.fr\/Atg-V1\/wp-content\/uploads\/2018\/02\/P1010231-300x169.jpg\" alt=\"\" width=\"300\" height=\"169\" \/><\/a>A pr\u00e8s Villemade l&rsquo;an dernier, c&rsquo;est Caussade qui a accueilli l&rsquo;assembl\u00e9e g\u00e9n\u00e9rale le 11 f\u00e9vrier dans l&rsquo;Espace K\u00f6d\u00f6r\u00f6, sp\u00e9cialement am\u00e9nag\u00e9 et sonoris\u00e9 pour l&rsquo;occasion par Laurent Mettetal. Mr PECH, pr\u00e9sident de la M\u00e9ridionale de Toulouse , Mr VAYSSE, vice-pr\u00e9sident de l\u2019Abeille Aveyronnaise, Mme Parry v\u00e9t\u00e9rinaire au GDSA 31 et une trentaine d&rsquo;adh\u00e9rents se sont retrouv\u00e9s d\u00e8s 9h. <\/span><\/p>\n<p><span style=\"font-family: Verdana, sans-serif;\">Le pr\u00e9sident Patrick Lemoine et le tr\u00e9sorier Jean-Marie Goujon pr\u00e9sentent les rappports moral et financier. M Lemoine c\u00e8dera la pr\u00e9sidence \u00e0 Alain Verdier. <\/span><\/p>\n<p><span style=\"font-family: Verdana, sans-serif;\">Pierre Marin rappelle les r\u00e8gles de fonctionnement du groupement de commandes, dont seuls les adh\u00e9rents peuvent b\u00e9n\u00e9ficier. <\/span><\/p>\n<p><span style=\"font-family: Verdana, sans-serif;\">Puis Mme Parry, expose une \u00e9tude nationale financ\u00e9e par Agrimer sur l&rsquo;acarien ennemi de nos ruches: Varroa destructor. Elle rappelle les diff\u00e9rentes phases de son d\u00e9veloppement et son impact sur la vie de l&rsquo;abeille et de l&rsquo;essaim. Elle insiste ensuite sur la surveillance de son d\u00e9veloppement et la n\u00e9cessit\u00e9 des actions pr\u00e9ventives et curatives tout au long de la saison pour \u00e9viter la propagation de Varroa et la mort des colonies.<\/span><\/p>\n<p><span style=\"font-family: Verdana, sans-serif;\">Pour cl\u00f4turer cette matin\u00e9e, tous les participants partagent un ap\u00e9ritif dans une ambiance conviviale.<\/span><\/p>\n<p><span style=\"font-family: Verdana, sans-serif;\"> <a href=\"http:\/\/abeille-tarnetgaronnaise.fr\/Atg-V1\/wp-content\/uploads\/2018\/02\/P1010237.jpg\"><img decoding=\"async\" class=\"alignnone size-medium wp-image-1176\" src=\"http:\/\/abeille-tarnetgaronnaise.fr\/Atg-V1\/wp-content\/uploads\/2018\/02\/P1010237-300x169.jpg\" alt=\"\" width=\"300\" height=\"169\" \/><\/a> <a href=\"http:\/\/abeille-tarnetgaronnaise.fr\/Atg-V1\/wp-content\/uploads\/2018\/02\/P1010235.jpg\"><img decoding=\"async\" class=\"alignnone size-medium wp-image-1177\" src=\"http:\/\/abeille-tarnetgaronnaise.fr\/Atg-V1\/wp-content\/uploads\/2018\/02\/P1010235-300x169.jpg\" alt=\"\" width=\"300\" height=\"169\" \/><\/a><\/span><\/p>\n","protected":false},"excerpt":{"rendered":"<p>A pr\u00e8s Villemade l&rsquo;an dernier, c&rsquo;est Caussade qui a accueilli l&rsquo;assembl\u00e9e g\u00e9n\u00e9rale le 11 f\u00e9vrier dans l&rsquo;Espace K\u00f6d\u00f6r\u00f6, sp\u00e9cialement am\u00e9nag\u00e9 et sonoris\u00e9 pour l&rsquo;occasion par Laurent Mettetal. Mr PECH, pr\u00e9sident [&hellip;]<\/p>\n","protected":false},"author":2,"featured_media":1177,"comment_status":"closed","ping_status":"closed","sticky":false,"template":"","format":"standard","meta":{"footnotes":""},"categories":[11],"tags":[],"class_list":["post-1174","post","type-post","status-publish","format-standard","has-post-thumbnail","hentry","category-l-association"],"yoast_head":"<!-- This site is optimized with the Yoast SEO plugin v27.4 - https:\/\/yoast.com\/product\/yoast-seo-wordpress\/ -->\n<title>AG 2018 \u00e0 Caussade - L&#039;abeille tarn et garonnaise<\/title>\n<meta name=\"robots\" content=\"index, follow, max-snippet:-1, max-image-preview:large, max-video-preview:-1\" \/>\n<link rel=\"canonical\" href=\"https:\/\/abeille-tarnetgaronnaise.fr\/Atg82_new\/ag-2018-a-caussade\/\" \/>\n<meta property=\"og:locale\" content=\"fr_FR\" \/>\n<meta property=\"og:type\" content=\"article\" \/>\n<meta property=\"og:title\" content=\"AG 2018 \u00e0 Caussade - L&#039;abeille tarn et garonnaise\" \/>\n<meta property=\"og:description\" content=\"A pr\u00e8s Villemade l&rsquo;an dernier, c&rsquo;est Caussade qui a accueilli l&rsquo;assembl\u00e9e g\u00e9n\u00e9rale le 11 f\u00e9vrier dans l&rsquo;Espace K\u00f6d\u00f6r\u00f6, sp\u00e9cialement am\u00e9nag\u00e9 et sonoris\u00e9 pour l&rsquo;occasion par Laurent Mettetal. Mr PECH, pr\u00e9sident [&hellip;]\" \/>\n<meta property=\"og:url\" content=\"https:\/\/abeille-tarnetgaronnaise.fr\/Atg82_new\/ag-2018-a-caussade\/\" \/>\n<meta property=\"og:site_name\" content=\"L&#039;abeille tarn et garonnaise\" \/>\n<meta property=\"article:published_time\" content=\"2018-02-16T13:03:30+00:00\" \/>\n<meta name=\"author\" content=\"Atg2015\" \/>\n<meta name=\"twitter:card\" content=\"summary_large_image\" \/>\n<meta name=\"twitter:label1\" content=\"\u00c9crit par\" \/>\n\t<meta name=\"twitter:data1\" content=\"Atg2015\" \/>\n\t<meta name=\"twitter:label2\" content=\"Dur\u00e9e de lecture estim\u00e9e\" \/>\n\t<meta name=\"twitter:data2\" content=\"1 minute\" \/>\n<script type=\"application\/ld+json\" class=\"yoast-schema-graph\">{\"@context\":\"https:\\\/\\\/schema.org\",\"@graph\":[{\"@type\":\"Article\",\"@id\":\"https:\\\/\\\/abeille-tarnetgaronnaise.fr\\\/Atg82_new\\\/ag-2018-a-caussade\\\/#article\",\"isPartOf\":{\"@id\":\"https:\\\/\\\/abeille-tarnetgaronnaise.fr\\\/Atg82_new\\\/ag-2018-a-caussade\\\/\"},\"author\":{\"name\":\"Atg2015\",\"@id\":\"https:\\\/\\\/abeille-tarnetgaronnaise.fr\\\/Atg82_new\\\/#\\\/schema\\\/person\\\/d6b0c1435c55620ff733d1fbd035c769\"},\"headline\":\"AG 2018 \u00e0 Caussade\",\"datePublished\":\"2018-02-16T13:03:30+00:00\",\"mainEntityOfPage\":{\"@id\":\"https:\\\/\\\/abeille-tarnetgaronnaise.fr\\\/Atg82_new\\\/ag-2018-a-caussade\\\/\"},\"wordCount\":225,\"publisher\":{\"@id\":\"https:\\\/\\\/abeille-tarnetgaronnaise.fr\\\/Atg82_new\\\/#organization\"},\"image\":{\"@id\":\"https:\\\/\\\/abeille-tarnetgaronnaise.fr\\\/Atg82_new\\\/ag-2018-a-caussade\\\/#primaryimage\"},\"thumbnailUrl\":\"\",\"articleSection\":[\"L'Association\"],\"inLanguage\":\"fr-FR\"},{\"@type\":\"WebPage\",\"@id\":\"https:\\\/\\\/abeille-tarnetgaronnaise.fr\\\/Atg82_new\\\/ag-2018-a-caussade\\\/\",\"url\":\"https:\\\/\\\/abeille-tarnetgaronnaise.fr\\\/Atg82_new\\\/ag-2018-a-caussade\\\/\",\"name\":\"AG 2018 \u00e0 Caussade - L&#039;abeille tarn et garonnaise\",\"isPartOf\":{\"@id\":\"https:\\\/\\\/abeille-tarnetgaronnaise.fr\\\/Atg82_new\\\/#website\"},\"primaryImageOfPage\":{\"@id\":\"https:\\\/\\\/abeille-tarnetgaronnaise.fr\\\/Atg82_new\\\/ag-2018-a-caussade\\\/#primaryimage\"},\"image\":{\"@id\":\"https:\\\/\\\/abeille-tarnetgaronnaise.fr\\\/Atg82_new\\\/ag-2018-a-caussade\\\/#primaryimage\"},\"thumbnailUrl\":\"\",\"datePublished\":\"2018-02-16T13:03:30+00:00\",\"breadcrumb\":{\"@id\":\"https:\\\/\\\/abeille-tarnetgaronnaise.fr\\\/Atg82_new\\\/ag-2018-a-caussade\\\/#breadcrumb\"},\"inLanguage\":\"fr-FR\",\"potentialAction\":[{\"@type\":\"ReadAction\",\"target\":[\"https:\\\/\\\/abeille-tarnetgaronnaise.fr\\\/Atg82_new\\\/ag-2018-a-caussade\\\/\"]}]},{\"@type\":\"ImageObject\",\"inLanguage\":\"fr-FR\",\"@id\":\"https:\\\/\\\/abeille-tarnetgaronnaise.fr\\\/Atg82_new\\\/ag-2018-a-caussade\\\/#primaryimage\",\"url\":\"\",\"contentUrl\":\"\"},{\"@type\":\"BreadcrumbList\",\"@id\":\"https:\\\/\\\/abeille-tarnetgaronnaise.fr\\\/Atg82_new\\\/ag-2018-a-caussade\\\/#breadcrumb\",\"itemListElement\":[{\"@type\":\"ListItem\",\"position\":1,\"name\":\"Accueil\",\"item\":\"https:\\\/\\\/abeille-tarnetgaronnaise.fr\\\/Atg82_new\\\/\"},{\"@type\":\"ListItem\",\"position\":2,\"name\":\"AG 2018 \u00e0 Caussade\"}]},{\"@type\":\"WebSite\",\"@id\":\"https:\\\/\\\/abeille-tarnetgaronnaise.fr\\\/Atg82_new\\\/#website\",\"url\":\"https:\\\/\\\/abeille-tarnetgaronnaise.fr\\\/Atg82_new\\\/\",\"name\":\"L'Abeille Tarn et Garonnaise\",\"description\":\"Ensemble, prot\u00e9geons les abeilles !\",\"publisher\":{\"@id\":\"https:\\\/\\\/abeille-tarnetgaronnaise.fr\\\/Atg82_new\\\/#organization\"},\"potentialAction\":[{\"@type\":\"SearchAction\",\"target\":{\"@type\":\"EntryPoint\",\"urlTemplate\":\"https:\\\/\\\/abeille-tarnetgaronnaise.fr\\\/Atg82_new\\\/?s={search_term_string}\"},\"query-input\":{\"@type\":\"PropertyValueSpecification\",\"valueRequired\":true,\"valueName\":\"search_term_string\"}}],\"inLanguage\":\"fr-FR\"},{\"@type\":\"Organization\",\"@id\":\"https:\\\/\\\/abeille-tarnetgaronnaise.fr\\\/Atg82_new\\\/#organization\",\"name\":\"L'abeille tarn et garonnaise\",\"url\":\"https:\\\/\\\/abeille-tarnetgaronnaise.fr\\\/Atg82_new\\\/\",\"logo\":{\"@type\":\"ImageObject\",\"inLanguage\":\"fr-FR\",\"@id\":\"https:\\\/\\\/abeille-tarnetgaronnaise.fr\\\/Atg82_new\\\/#\\\/schema\\\/logo\\\/image\\\/\",\"url\":\"https:\\\/\\\/abeille-tarnetgaronnaise.fr\\\/Atg82_new\\\/wp-content\\\/uploads\\\/2025\\\/02\\\/logo_ATG.jpg\",\"contentUrl\":\"https:\\\/\\\/abeille-tarnetgaronnaise.fr\\\/Atg82_new\\\/wp-content\\\/uploads\\\/2025\\\/02\\\/logo_ATG.jpg\",\"width\":200,\"height\":100,\"caption\":\"L'abeille tarn et garonnaise\"},\"image\":{\"@id\":\"https:\\\/\\\/abeille-tarnetgaronnaise.fr\\\/Atg82_new\\\/#\\\/schema\\\/logo\\\/image\\\/\"}},{\"@type\":\"Person\",\"@id\":\"https:\\\/\\\/abeille-tarnetgaronnaise.fr\\\/Atg82_new\\\/#\\\/schema\\\/person\\\/d6b0c1435c55620ff733d1fbd035c769\",\"name\":\"Atg2015\",\"url\":\"https:\\\/\\\/abeille-tarnetgaronnaise.fr\\\/Atg82_new\\\/author\\\/atg2015\\\/\"}]}<\/script>\n<!-- \/ Yoast SEO plugin. -->","yoast_head_json":{"title":"AG 2018 \u00e0 Caussade - L&#039;abeille tarn et garonnaise","robots":{"index":"index","follow":"follow","max-snippet":"max-snippet:-1","max-image-preview":"max-image-preview:large","max-video-preview":"max-video-preview:-1"},"canonical":"https:\/\/abeille-tarnetgaronnaise.fr\/Atg82_new\/ag-2018-a-caussade\/","og_locale":"fr_FR","og_type":"article","og_title":"AG 2018 \u00e0 Caussade - L&#039;abeille tarn et garonnaise","og_description":"A pr\u00e8s Villemade l&rsquo;an dernier, c&rsquo;est Caussade qui a accueilli l&rsquo;assembl\u00e9e g\u00e9n\u00e9rale le 11 f\u00e9vrier dans l&rsquo;Espace K\u00f6d\u00f6r\u00f6, sp\u00e9cialement am\u00e9nag\u00e9 et sonoris\u00e9 pour l&rsquo;occasion par Laurent Mettetal. Mr PECH, pr\u00e9sident [&hellip;]","og_url":"https:\/\/abeille-tarnetgaronnaise.fr\/Atg82_new\/ag-2018-a-caussade\/","og_site_name":"L&#039;abeille tarn et garonnaise","article_published_time":"2018-02-16T13:03:30+00:00","author":"Atg2015","twitter_card":"summary_large_image","twitter_misc":{"\u00c9crit par":"Atg2015","Dur\u00e9e de lecture estim\u00e9e":"1 minute"},"schema":{"@context":"https:\/\/schema.org","@graph":[{"@type":"Article","@id":"https:\/\/abeille-tarnetgaronnaise.fr\/Atg82_new\/ag-2018-a-caussade\/#article","isPartOf":{"@id":"https:\/\/abeille-tarnetgaronnaise.fr\/Atg82_new\/ag-2018-a-caussade\/"},"author":{"name":"Atg2015","@id":"https:\/\/abeille-tarnetgaronnaise.fr\/Atg82_new\/#\/schema\/person\/d6b0c1435c55620ff733d1fbd035c769"},"headline":"AG 2018 \u00e0 Caussade","datePublished":"2018-02-16T13:03:30+00:00","mainEntityOfPage":{"@id":"https:\/\/abeille-tarnetgaronnaise.fr\/Atg82_new\/ag-2018-a-caussade\/"},"wordCount":225,"publisher":{"@id":"https:\/\/abeille-tarnetgaronnaise.fr\/Atg82_new\/#organization"},"image":{"@id":"https:\/\/abeille-tarnetgaronnaise.fr\/Atg82_new\/ag-2018-a-caussade\/#primaryimage"},"thumbnailUrl":"","articleSection":["L'Association"],"inLanguage":"fr-FR"},{"@type":"WebPage","@id":"https:\/\/abeille-tarnetgaronnaise.fr\/Atg82_new\/ag-2018-a-caussade\/","url":"https:\/\/abeille-tarnetgaronnaise.fr\/Atg82_new\/ag-2018-a-caussade\/","name":"AG 2018 \u00e0 Caussade - L&#039;abeille tarn et garonnaise","isPartOf":{"@id":"https:\/\/abeille-tarnetgaronnaise.fr\/Atg82_new\/#website"},"primaryImageOfPage":{"@id":"https:\/\/abeille-tarnetgaronnaise.fr\/Atg82_new\/ag-2018-a-caussade\/#primaryimage"},"image":{"@id":"https:\/\/abeille-tarnetgaronnaise.fr\/Atg82_new\/ag-2018-a-caussade\/#primaryimage"},"thumbnailUrl":"","datePublished":"2018-02-16T13:03:30+00:00","breadcrumb":{"@id":"https:\/\/abeille-tarnetgaronnaise.fr\/Atg82_new\/ag-2018-a-caussade\/#breadcrumb"},"inLanguage":"fr-FR","potentialAction":[{"@type":"ReadAction","target":["https:\/\/abeille-tarnetgaronnaise.fr\/Atg82_new\/ag-2018-a-caussade\/"]}]},{"@type":"ImageObject","inLanguage":"fr-FR","@id":"https:\/\/abeille-tarnetgaronnaise.fr\/Atg82_new\/ag-2018-a-caussade\/#primaryimage","url":"","contentUrl":""},{"@type":"BreadcrumbList","@id":"https:\/\/abeille-tarnetgaronnaise.fr\/Atg82_new\/ag-2018-a-caussade\/#breadcrumb","itemListElement":[{"@type":"ListItem","position":1,"name":"Accueil","item":"https:\/\/abeille-tarnetgaronnaise.fr\/Atg82_new\/"},{"@type":"ListItem","position":2,"name":"AG 2018 \u00e0 Caussade"}]},{"@type":"WebSite","@id":"https:\/\/abeille-tarnetgaronnaise.fr\/Atg82_new\/#website","url":"https:\/\/abeille-tarnetgaronnaise.fr\/Atg82_new\/","name":"L'Abeille Tarn et Garonnaise","description":"Ensemble, prot\u00e9geons les abeilles !","publisher":{"@id":"https:\/\/abeille-tarnetgaronnaise.fr\/Atg82_new\/#organization"},"potentialAction":[{"@type":"SearchAction","target":{"@type":"EntryPoint","urlTemplate":"https:\/\/abeille-tarnetgaronnaise.fr\/Atg82_new\/?s={search_term_string}"},"query-input":{"@type":"PropertyValueSpecification","valueRequired":true,"valueName":"search_term_string"}}],"inLanguage":"fr-FR"},{"@type":"Organization","@id":"https:\/\/abeille-tarnetgaronnaise.fr\/Atg82_new\/#organization","name":"L'abeille tarn et garonnaise","url":"https:\/\/abeille-tarnetgaronnaise.fr\/Atg82_new\/","logo":{"@type":"ImageObject","inLanguage":"fr-FR","@id":"https:\/\/abeille-tarnetgaronnaise.fr\/Atg82_new\/#\/schema\/logo\/image\/","url":"https:\/\/abeille-tarnetgaronnaise.fr\/Atg82_new\/wp-content\/uploads\/2025\/02\/logo_ATG.jpg","contentUrl":"https:\/\/abeille-tarnetgaronnaise.fr\/Atg82_new\/wp-content\/uploads\/2025\/02\/logo_ATG.jpg","width":200,"height":100,"caption":"L'abeille tarn et garonnaise"},"image":{"@id":"https:\/\/abeille-tarnetgaronnaise.fr\/Atg82_new\/#\/schema\/logo\/image\/"}},{"@type":"Person","@id":"https:\/\/abeille-tarnetgaronnaise.fr\/Atg82_new\/#\/schema\/person\/d6b0c1435c55620ff733d1fbd035c769","name":"Atg2015","url":"https:\/\/abeille-tarnetgaronnaise.fr\/Atg82_new\/author\/atg2015\/"}]}},"_links":{"self":[{"href":"https:\/\/abeille-tarnetgaronnaise.fr\/Atg82_new\/wp-json\/wp\/v2\/posts\/1174","targetHints":{"allow":["GET"]}}],"collection":[{"href":"https:\/\/abeille-tarnetgaronnaise.fr\/Atg82_new\/wp-json\/wp\/v2\/posts"}],"about":[{"href":"https:\/\/abeille-tarnetgaronnaise.fr\/Atg82_new\/wp-json\/wp\/v2\/types\/post"}],"author":[{"embeddable":true,"href":"https:\/\/abeille-tarnetgaronnaise.fr\/Atg82_new\/wp-json\/wp\/v2\/users\/2"}],"replies":[{"embeddable":true,"href":"https:\/\/abeille-tarnetgaronnaise.fr\/Atg82_new\/wp-json\/wp\/v2\/comments?post=1174"}],"version-history":[{"count":0,"href":"https:\/\/abeille-tarnetgaronnaise.fr\/Atg82_new\/wp-json\/wp\/v2\/posts\/1174\/revisions"}],"wp:featuredmedia":[{"embeddable":true,"href":"https:\/\/abeille-tarnetgaronnaise.fr\/Atg82_new\/wp-json\/"}],"wp:attachment":[{"href":"https:\/\/abeille-tarnetgaronnaise.fr\/Atg82_new\/wp-json\/wp\/v2\/media?parent=1174"}],"wp:term":[{"taxonomy":"category","embeddable":true,"href":"https:\/\/abeille-tarnetgaronnaise.fr\/Atg82_new\/wp-json\/wp\/v2\/categories?post=1174"},{"taxonomy":"post_tag","embeddable":true,"href":"https:\/\/abeille-tarnetgaronnaise.fr\/Atg82_new\/wp-json\/wp\/v2\/tags?post=1174"}],"curies":[{"name":"wp","href":"https:\/\/api.w.org\/{rel}","templated":true}]}}